{"id":1234,"date":"2023-01-11T15:04:55","date_gmt":"2023-01-11T18:04:55","guid":{"rendered":"http:\/\/sites.uft.edu.br\/uma\/?p=1234"},"modified":"2023-01-17T15:09:47","modified_gmt":"2023-01-17T18:09:47","slug":"uma-uft-e-universidade-estadual-de-mato-grosso-do-sul-firmam-parceria","status":"publish","type":"post","link":"https:\/\/sites.uft.edu.br\/uma\/uma-uft-e-universidade-estadual-de-mato-grosso-do-sul-firmam-parceria\/","title":{"rendered":"UMA\/UFT e Universidade Estadual de Mato Grosso do Sul firmam parceria"},"content":{"rendered":"<p>Por:\u00a0Gisleine Rodrigues\/Ascom UEMS<\/p>\n<p>No dia 10 de janeiro (ter\u00e7a-feira), a equipe da UEMS\/Campo Grande foi \u00e0 Secretaria de Estado de Turismo, Esporte, Cultura e Cidadania (Setescc) pedir apoio institucional junto ao secret\u00e1rio Marcelo Ferreira Miranda, para desenvolver o projeto piloto UMA\/UEMS. Logo ap\u00f3s, a Unidade Universit\u00e1ria recebeu a visita da Profa. Dra. Neila Barbosa Os\u00f3rio, que veio da Universidade Federal do Tocantins (UFT) para uma agenda de alinhamento de conv\u00eanio interinstitucional com a UEMS, sendo o t\u00f3pico do encontro firmar parceria com a UEMS\/Campo Grande para desenvolver um projeto piloto da Universidade da Maturidade (UMA), criada pela UFT, com os idosos da capital de Mato Grosso do Sul, alinhado \u00e0 identidade da UMA, que \u00e9 promover a melhor qualidade de vida do p\u00fablico adulto e idoso.<\/p>\n<p>Gerente da Unidade Campo Grande e coordenador geral do projeto piloto UMA\/UEMS, o Prof. Dr. Djanires Lageano Neto e a assessora Katia Juliane L. de Oliveira receberam a professora Neila Os\u00f3rio, que tamb\u00e9m apresentou na reuni\u00e3o alguns encaminhamentos institucionais fortemente apoiados pelo Senado, para viabilizar o projeto piloto UMA\/UEMS.<\/p>\n<p>O Projeto conta com a emenda or\u00e7ament\u00e1ria parlamentar da Senadora Soraya Thronicke, que destinou 500 mil reais para o desenvolvimento do UMA\/UEMS.<\/p>\n<p>A equipe da UEMS de Campo Grande segue trabalhando no projeto, que acontecer\u00e1 na Unidade local, para abrir inscri\u00e7\u00f5es via edital ainda durante o m\u00eas de janeiro sob tutoria da Universidade Federal do Tocantins.<\/p>\n<p>O professor Neto explica que o Projeto Pedag\u00f3gico da UMA\/UEMS\/UFT tem por objetivo \u201cdesenvolver uma abordagem hol\u00edstica, com prioridade para a educa\u00e7\u00e3o, a sa\u00fade, o esporte, o lazer, a arte e a cultura, concretizando, desta forma, um verdadeiro desenvolvimento integral dos acad\u00eamicos, em busca da melhoria da qualidade de vida e o resgate da cidadania\u201d.<\/p>\n<p>O Programa UMA (Universidade da Maturidade) tem como coordenadora nacional a Profa. Dra. Neila Barbosa Os\u00f3rio, e se desenvolve como uma proposta pedag\u00f3gica, voltada \u00e0 melhoria da qualidade de vida da pessoa adulta e dos idosos, e visa \u00e0 integra\u00e7\u00e3o dos mesmos com os alunos de gradua\u00e7\u00e3o, identificando o papel e a responsabilidade da Universidade em rela\u00e7\u00e3o \u00e0s pessoas de terceira idade. Afinal, a Universidade est\u00e1 adequada e capacitada para responder \u00e0s necessidades espec\u00edficas de pessoas acima de 45 anos (atividades f\u00edsicas, culturais e sociais).<\/p>\n<p>Este programa \u00e9 uma alternativa para as pessoas adultas que a sociedade brasileira exclui, numa fase da vida em que det\u00e9m experi\u00eancia acumulada e sabedoria . \u00c9 um espa\u00e7o de conviv\u00eancia social de aquisi\u00e7\u00e3o de novos conhecimentos voltados para o envelhecer sadio e digno e, sobretudo, na tomada de consci\u00eancia da import\u00e2ncia de participa\u00e7\u00e3o do idoso na sociedade enquanto sujeito hist\u00f3rico.<\/p>\n<p>\u201cPara fortalecer nosso trabalho dentro da sociedade sul-matogrossense diante da\u00a0 popula\u00e7\u00e3o que a cada segundo completa 60 anos, a esperan\u00e7a e a ci\u00eancia ir\u00e3o permear nossa proposta pedag\u00f3gica em prol de uma sociedade para todas as idades\u201d, finaliza a professora Neila Os\u00f3rio.<\/p>\n","protected":false},"excerpt":{"rendered":"<p>Por:\u00a0Gisleine Rodrigues\/Ascom UEMS No dia 10 de janeiro (ter\u00e7a-feira), a equipe da UEMS\/Campo Grande foi \u00e0 Secretaria de Estado de Turismo, Esporte, Cultura e Cidadania (Setescc) pedir apoio institucional junto ao secret\u00e1rio Marcelo Ferreira Miranda, para desenvolver o projeto piloto UMA\/UEMS. Logo ap\u00f3s, a Unidade Universit\u00e1ria recebeu a visita da Profa. Dra. Neila Barbosa Os\u00f3rio, [&hellip;]<\/p>\n","protected":false},"author":2,"featured_media":1235,"comment_status":"closed","ping_status":"closed","sticky":false,"template":"","format":"standard","meta":{"footnotes":""},"categories":[1],"tags":[],"_links":{"self":[{"href":"https:\/\/sites.uft.edu.br\/uma\/wp-json\/wp\/v2\/posts\/1234"}],"collection":[{"href":"https:\/\/sites.uft.edu.br\/uma\/wp-json\/wp\/v2\/posts"}],"about":[{"href":"https:\/\/sites.uft.edu.br\/uma\/wp-json\/wp\/v2\/types\/post"}],"author":[{"embeddable":true,"href":"https:\/\/sites.uft.edu.br\/uma\/wp-json\/wp\/v2\/users\/2"}],"replies":[{"embeddable":true,"href":"https:\/\/sites.uft.edu.br\/uma\/wp-json\/wp\/v2\/comments?post=1234"}],"version-history":[{"count":1,"href":"https:\/\/sites.uft.edu.br\/uma\/wp-json\/wp\/v2\/posts\/1234\/revisions"}],"predecessor-version":[{"id":1236,"href":"https:\/\/sites.uft.edu.br\/uma\/wp-json\/wp\/v2\/posts\/1234\/revisions\/1236"}],"wp:featuredmedia":[{"embeddable":true,"href":"https:\/\/sites.uft.edu.br\/uma\/wp-json\/wp\/v2\/media\/1235"}],"wp:attachment":[{"href":"https:\/\/sites.uft.edu.br\/uma\/wp-json\/wp\/v2\/media?parent=1234"}],"wp:term":[{"taxonomy":"category","embeddable":true,"href":"https:\/\/sites.uft.edu.br\/uma\/wp-json\/wp\/v2\/categories?post=1234"},{"taxonomy":"post_tag","embeddable":true,"href":"https:\/\/sites.uft.edu.br\/uma\/wp-json\/wp\/v2\/tags?post=1234"}],"curies":[{"name":"wp","href":"https:\/\/api.w.org\/{rel}","templated":true}]}}