{"id":1208,"date":"2022-12-22T19:27:25","date_gmt":"2022-12-22T22:27:25","guid":{"rendered":"http:\/\/sites.uft.edu.br\/uma\/?p=1208"},"modified":"2022-12-22T19:27:25","modified_gmt":"2022-12-22T22:27:25","slug":"uma-e-conselho-nacional-dos-direitos-da-pessoa-idosa-realizam-premiacao-do-concurso-literario-o-papel-da-pessoa-idosa-no-seculo-xxi","status":"publish","type":"post","link":"https:\/\/sites.uft.edu.br\/uma\/uma-e-conselho-nacional-dos-direitos-da-pessoa-idosa-realizam-premiacao-do-concurso-literario-o-papel-da-pessoa-idosa-no-seculo-xxi\/","title":{"rendered":"UMA e Conselho Nacional dos Direitos da Pessoa Idosa realizam premia\u00e7\u00e3o do Concurso Liter\u00e1rio \u201cO papel da pessoa idosa no s\u00e9culo XXI\u201d"},"content":{"rendered":"<p><em>Evento foi transmitido pelo canal do CNDI no YouTube<\/em><\/p>\n<p>Foi realizada nesta quinta-feira, 22, em Bras\u00edlia, a cerim\u00f4nia de premia\u00e7\u00e3o do Concurso Liter\u00e1rio promovido pelo Conselho Nacional dos Direitos da Pessoa Idosa, por interm\u00e9dio da Secretaria Nacional de Promo\u00e7\u00e3o e Defesa dos Direitos da Pessoa Idosa do Minist\u00e9rio da Mulher, da Fam\u00edlia e dos Direitos Humanos (SNDPI\/MMFDH) em parceria com a Universidade da Maturidade (UMA) da Universidade Federal do Tocantins (UFT). O evento foi transmitido pelo canal do CNDI no YouTube (<a href=\"https:\/\/youtu.be\/GLPnuAMgrt4\" target=\"_blank\" rel=\"noopener\">veja aqui <\/a>).<\/p>\n<p>Ao todo, foram premiados dez autores, sendo cinco que produziram reda\u00e7\u00f5es e que receberam os seguintes valores: 1\u00ba lugar R$ 2.000,00; 2\u00ba lugar R$ 1.500,00; 3\u00ba lugar R$; 1.000,00; 4\u00ba lugar R$ 750,00; 5\u00ba lugar R$ 500,00. E cinco cr\u00f4nicas que receberam os valores: 1\u00ba lugar R$ 8.000,00; 2\u00ba lugar R$ 6.000,00; 3\u00ba lugar R$ 5.000,00; 4\u00ba lugar R$ 3.000,00 e 5\u00ba lugar R$ 2.000,00. Confira <a href=\"https:\/\/bit.ly\/3YnHBj4\" target=\"_blank\" rel=\"noopener\">aqui<\/a> os dez vencedores.<\/p>\n<p>Os coordenadores da UMA, professora Neila Os\u00f3rio e professor doutor Luiz Sin\u00e9sio Neto, juntamente com o secret\u00e1rio nacional de Promo\u00e7\u00e3o e Defesa dos Direitos da Pessoa Idosa, Ant\u00f3nio Costa, realizaram a premia\u00e7\u00e3o.<\/p>\n<p>Em sua fala, Neila Os\u00f3rio destacou que foi uma honra coordenar o pr\u00eamio liter\u00e1rio. \u201cNa UMA trabalhamos a intergeracionalidade j\u00e1 h\u00e1 dez anos, e poder coordenar esse pr\u00eamio \u00e9 a consolida\u00e7\u00e3o de todo o nosso trabalho. Acreditamos que esse \u00e9 o caminho para construir uma sociedade que respeita a velhice, por meio de pol\u00edticas p\u00fablicas que integrem crian\u00e7as, jovens e velhos. Parab\u00e9ns aos vencedores\u201d.<\/p>\n<p><strong>Concurso Liter\u00e1rio<\/strong><\/p>\n<p>O concurso foi lan\u00e7ado no dia 13 de setembro deste ano e no edital n\u00ba1 \u2013 Reda\u00e7\u00e3o, que foi direcionado aos estudantes do Ensino M\u00e9dio da rede p\u00fablica de ensino, a finalidade foi conhecer como os jovens brasileiros enxergam e interagem com as pessoas idosas e despertar, neles, a conscientiza\u00e7\u00e3o de que o envelhecimento \u00e9 um caminho natural para todos. J\u00e1 o edital n\u00ba 2 \u2013 Cr\u00f4nicas, que foi dirigido a pessoas com idade igual ou superior a 60 anos, o objetivo foi incentivar a produ\u00e7\u00e3o liter\u00e1ria desse p\u00fablico e contribuir para o envelhecimento ativo e saud\u00e1vel.<\/p>\n<p>Ao todo, o certame teve 231 reda\u00e7\u00f5es e 267 cr\u00f4nicas inscritas que foram avaliadas por uma comiss\u00e3o t\u00e9cnica formada por doutores da \u00e1rea de linguagens. A iniciativa dos pr\u00eamios liter\u00e1rios visou celebrar a d\u00e9cada de 2021 a 2030, institu\u00edda como \u201cD\u00e9cada do Envelhecimento Saud\u00e1vel\u201d, conforme declarado na Assembleia Geral das Na\u00e7\u00f5es Unidas (ONU).<\/p>\n","protected":false},"excerpt":{"rendered":"<p>Evento foi transmitido pelo canal do CNDI no YouTube Foi realizada nesta quinta-feira, 22, em Bras\u00edlia, a cerim\u00f4nia de premia\u00e7\u00e3o do Concurso Liter\u00e1rio promovido pelo Conselho Nacional dos Direitos da Pessoa Idosa, por interm\u00e9dio da Secretaria Nacional de Promo\u00e7\u00e3o e Defesa dos Direitos da Pessoa Idosa do Minist\u00e9rio da Mulher, da Fam\u00edlia e dos Direitos [&hellip;]<\/p>\n","protected":false},"author":2,"featured_media":1209,"comment_status":"closed","ping_status":"closed","sticky":false,"template":"","format":"standard","meta":{"footnotes":""},"categories":[1],"tags":[],"_links":{"self":[{"href":"https:\/\/sites.uft.edu.br\/uma\/wp-json\/wp\/v2\/posts\/1208"}],"collection":[{"href":"https:\/\/sites.uft.edu.br\/uma\/wp-json\/wp\/v2\/posts"}],"about":[{"href":"https:\/\/sites.uft.edu.br\/uma\/wp-json\/wp\/v2\/types\/post"}],"author":[{"embeddable":true,"href":"https:\/\/sites.uft.edu.br\/uma\/wp-json\/wp\/v2\/users\/2"}],"replies":[{"embeddable":true,"href":"https:\/\/sites.uft.edu.br\/uma\/wp-json\/wp\/v2\/comments?post=1208"}],"version-history":[{"count":1,"href":"https:\/\/sites.uft.edu.br\/uma\/wp-json\/wp\/v2\/posts\/1208\/revisions"}],"predecessor-version":[{"id":1210,"href":"https:\/\/sites.uft.edu.br\/uma\/wp-json\/wp\/v2\/posts\/1208\/revisions\/1210"}],"wp:featuredmedia":[{"embeddable":true,"href":"https:\/\/sites.uft.edu.br\/uma\/wp-json\/wp\/v2\/media\/1209"}],"wp:attachment":[{"href":"https:\/\/sites.uft.edu.br\/uma\/wp-json\/wp\/v2\/media?parent=1208"}],"wp:term":[{"taxonomy":"category","embeddable":true,"href":"https:\/\/sites.uft.edu.br\/uma\/wp-json\/wp\/v2\/categories?post=1208"},{"taxonomy":"post_tag","embeddable":true,"href":"https:\/\/sites.uft.edu.br\/uma\/wp-json\/wp\/v2\/tags?post=1208"}],"curies":[{"name":"wp","href":"https:\/\/api.w.org\/{rel}","templated":true}]}}