{"id":1193,"date":"2022-12-15T09:20:31","date_gmt":"2022-12-15T12:20:31","guid":{"rendered":"http:\/\/sites.uft.edu.br\/uma\/?p=1193"},"modified":"2022-12-15T14:21:41","modified_gmt":"2022-12-15T17:21:41","slug":"universidade-da-maturidade-divulga-os-vencedores-do-concurso-literario-o-papel-da-pessoa-idosa-no-seculo-xxi","status":"publish","type":"post","link":"https:\/\/sites.uft.edu.br\/uma\/universidade-da-maturidade-divulga-os-vencedores-do-concurso-literario-o-papel-da-pessoa-idosa-no-seculo-xxi\/","title":{"rendered":"Universidade da Maturidade divulga os vencedores do concurso liter\u00e1rio \u201cO papel da pessoa idosa no s\u00e9culo XXI\u201d"},"content":{"rendered":"<p><em>Premia\u00e7\u00e3o ocorrer\u00e1 no pr\u00f3ximo dia 22, em Bras\u00edlia (DF)<\/em><\/p>\n<p>A Universidade da Maturidade (UMA)\u00a0 \u2013 programa de extens\u00e3o da Universidade Federal do Tocantins (UFT) e o Conselho Nacional dos Direitos da Pessoa Idosa, por interm\u00e9dio da Secretaria Nacional de Promo\u00e7\u00e3o e Defesa dos Direitos da Pessoa Idosa do Minist\u00e9rio da Mulher, da Fam\u00edlia e dos Direitos Humanos (SNDPI\/MMFDH), divulgaram nesta quinta-feira, 15, os vencedores do concurso liter\u00e1rio com o tema \u201cO papel da pessoa idosa no s\u00e9culo XXI\u201d.<\/p>\n<p>A premia\u00e7\u00e3o ocorrer\u00e1 no pr\u00f3ximo dia 22, em Bras\u00edlia (DF). Ser\u00e3o premiadas as cinco melhores reda\u00e7\u00f5es, bem como, as cinco melhores cr\u00f4nicas conforme o resultado e os valores em dinheiro variam de R$2 mil a R$8 mil por obra liter\u00e1ria, dependendo da coloca\u00e7\u00e3o conquistada.<\/p>\n<p>O concurso foi lan\u00e7ado no dia 13 de setembro deste ano e no edital n\u00ba1 \u2013 Reda\u00e7\u00e3o, que foi direcionado aos estudantes do ensino m\u00e9dio da rede p\u00fablica de ensino, a finalidade \u00a0foi conhecer como os jovens brasileiros enxergam e interagem com as pessoas idosas e despertar, neles, a conscientiza\u00e7\u00e3o de que o envelhecimento \u00e9 um caminho natural para todos. J\u00e1 o edital n\u00ba2 \u2013 Cr\u00f4nicas, que foi dirigido a pessoas com idade igual ou superior a 60 anos, o objetivo foi incentivar a produ\u00e7\u00e3o liter\u00e1ria desse p\u00fablico e contribuir para o envelhecimento ativo e saud\u00e1vel.<\/p>\n<p>Ao todo, o certamente teve 231 reda\u00e7\u00f5es e 267 cr\u00f4nicas inscritas que foram avaliadas por uma comiss\u00e3o t\u00e9cnica formada por doutores da \u00e1rea de linguagens. A iniciativa dos pr\u00eamios liter\u00e1rios visou celebrar a d\u00e9cada de 2021 a 2030, institu\u00edda como \u201cD\u00e9cada do Envelhecimento Saud\u00e1vel\u201d, conforme declarado na Assembleia Geral das Na\u00e7\u00f5es Unidas (ONU).<\/p>\n<p><strong>Conhe\u00e7a os vencedores\u00a0<\/strong><\/p>\n<p><em><a href=\"http:\/\/sites.uft.edu.br\/uma\/wp-content\/uploads\/2022\/12\/RESULTADO-FINAL-DAS-REDACOES-15-12.docx.pdf\">RESULTADO FINAL DAS REDA\u00c7\u00d5ES 15-12.docx<\/a> <\/em><\/p>\n<p><a href=\"http:\/\/sites.uft.edu.br\/uma\/wp-content\/uploads\/2022\/12\/RESULTADO-FINAL-DAS-REDACOES-ESCOLA-E-ESTADO.pdf\">RESULTADO FINAL DAS REDA\u00c7\u00d5ES &#8211; ESCOLA E ESTADO<\/a><\/p>\n<p><em><a href=\"http:\/\/sites.uft.edu.br\/uma\/wp-content\/uploads\/2022\/12\/RESULTADO-FINAL-DAS-CRONICAS-15-12.docx.pdf\">RESULTADO FINAL DAS CRONICAS 15-12.docx<\/a><\/em><\/p>\n<p><a href=\"http:\/\/sites.uft.edu.br\/uma\/wp-content\/uploads\/2022\/12\/RESULTADO-FINAL-DAS-CRONICAS-CIDADE-E-ESTADO.pdf\">RESULTADO FINAL DAS CRONICAS CIDADE E ESTADO<\/a><\/p>\n<p>&nbsp;<\/p>\n<p>&nbsp;<\/p>\n","protected":false},"excerpt":{"rendered":"<p>Premia\u00e7\u00e3o ocorrer\u00e1 no pr\u00f3ximo dia 22, em Bras\u00edlia (DF) A Universidade da Maturidade (UMA)\u00a0 \u2013 programa de extens\u00e3o da Universidade Federal do Tocantins (UFT) e o Conselho Nacional dos Direitos da Pessoa Idosa, por interm\u00e9dio da Secretaria Nacional de Promo\u00e7\u00e3o e Defesa dos Direitos da Pessoa Idosa do Minist\u00e9rio da Mulher, da Fam\u00edlia e dos [&hellip;]<\/p>\n","protected":false},"author":2,"featured_media":1141,"comment_status":"closed","ping_status":"closed","sticky":false,"template":"","format":"standard","meta":{"footnotes":""},"categories":[1],"tags":[],"_links":{"self":[{"href":"https:\/\/sites.uft.edu.br\/uma\/wp-json\/wp\/v2\/posts\/1193"}],"collection":[{"href":"https:\/\/sites.uft.edu.br\/uma\/wp-json\/wp\/v2\/posts"}],"about":[{"href":"https:\/\/sites.uft.edu.br\/uma\/wp-json\/wp\/v2\/types\/post"}],"author":[{"embeddable":true,"href":"https:\/\/sites.uft.edu.br\/uma\/wp-json\/wp\/v2\/users\/2"}],"replies":[{"embeddable":true,"href":"https:\/\/sites.uft.edu.br\/uma\/wp-json\/wp\/v2\/comments?post=1193"}],"version-history":[{"count":4,"href":"https:\/\/sites.uft.edu.br\/uma\/wp-json\/wp\/v2\/posts\/1193\/revisions"}],"predecessor-version":[{"id":1203,"href":"https:\/\/sites.uft.edu.br\/uma\/wp-json\/wp\/v2\/posts\/1193\/revisions\/1203"}],"wp:featuredmedia":[{"embeddable":true,"href":"https:\/\/sites.uft.edu.br\/uma\/wp-json\/wp\/v2\/media\/1141"}],"wp:attachment":[{"href":"https:\/\/sites.uft.edu.br\/uma\/wp-json\/wp\/v2\/media?parent=1193"}],"wp:term":[{"taxonomy":"category","embeddable":true,"href":"https:\/\/sites.uft.edu.br\/uma\/wp-json\/wp\/v2\/categories?post=1193"},{"taxonomy":"post_tag","embeddable":true,"href":"https:\/\/sites.uft.edu.br\/uma\/wp-json\/wp\/v2\/tags?post=1193"}],"curies":[{"name":"wp","href":"https:\/\/api.w.org\/{rel}","templated":true}]}}