{"id":1186,"date":"2022-12-14T17:43:49","date_gmt":"2022-12-14T20:43:49","guid":{"rendered":"http:\/\/sites.uft.edu.br\/uma\/?p=1186"},"modified":"2022-12-14T20:30:25","modified_gmt":"2022-12-14T23:30:25","slug":"confira-o-resultado-dos-recursos-do-concurso-literario-o-papel-da-pessoa-idosa-no-seculo-xxi","status":"publish","type":"post","link":"https:\/\/sites.uft.edu.br\/uma\/confira-o-resultado-dos-recursos-do-concurso-literario-o-papel-da-pessoa-idosa-no-seculo-xxi\/","title":{"rendered":"Confira o resultado dos recursos do concurso liter\u00e1rio \u201cO papel da pessoa idosa no s\u00e9culo XXI\u201d"},"content":{"rendered":"<p dir=\"ltr\">A Universidade da Maturidade (UMA)\u00a0 \u2013 programa de extens\u00e3o da Universidade Federal do Tocantins (UFT) e o Conselho Nacional dos Direitos da Pessoa Idosa, por interm\u00e9dio da Secretaria Nacional de Promo\u00e7\u00e3o e Defesa dos Direitos da Pessoa Idosa do Minist\u00e9rio da Mulher, da Fam\u00edlia e dos Direitos Humanos (SNDPI\/MMFDH), divulgaram nesta quarta-feira, 14, o resultado dos recursos do concurso liter\u00e1rio com o tema \u201cO papel da pessoa idosa no s\u00e9culo XXI\u201d.<\/p>\n<p dir=\"ltr\">No dia 08 deste m\u00eas foi publicado resultado preliminar das reda\u00e7\u00f5es e cr\u00f4nicas vencedoras \u00a0e, de acordo os editais, os candidatos teriam que apresentar recursos at\u00e9 essa ter\u00e7a-feira, 13, por meio dos e-mails <a href=\"mailto:cronicaidosos@uft.edu.br\">cronicaidosos@uft.edu.br<\/a>\u00a0e\u00a0<a href=\"mailto:redacaoidosos@uft.edu.br\">redacaoidosos@uft.edu.br<\/a>. De acordo com o cronograma o resultado final com os vencedores ser\u00e1 publicado no dia 15 de dezembro.<\/p>\n<p dir=\"ltr\">A premia\u00e7\u00e3o varia de R$2 mil a R$8 mil por obra liter\u00e1ria, dependendo da coloca\u00e7\u00e3o conquistada. Ser\u00e3o premiadas as cinco melhores reda\u00e7\u00f5es, bem como, as cinco melhores cr\u00f4nicas e, al\u00e9m do valor em dinheiro, os autores ser\u00e3o convidados para participar pessoalmente da cerim\u00f4nia de premia\u00e7\u00e3o em Bras\u00edlia (DF).<\/p>\n<p dir=\"ltr\">Confira<\/p>\n<p dir=\"ltr\" style=\"text-align: left;\"><a href=\"http:\/\/sites.uft.edu.br\/uma\/wp-content\/uploads\/2022\/12\/RESPOSTA_RECURSOS_REDACOES_001.pdf\">RESPOSTA_RECURSOS_REDA\u00c7\u00d5ES_001<\/a><\/p>\n<p dir=\"ltr\"><a href=\"http:\/\/sites.uft.edu.br\/uma\/wp-content\/uploads\/2022\/12\/RESPOSTA_RECURSO_CRONICAS_002.pdf\">RESPOSTA_RECURSO_CRONICAS_002<\/a><\/p>\n<p dir=\"ltr\">\n","protected":false},"excerpt":{"rendered":"<p>A Universidade da Maturidade (UMA)\u00a0 \u2013 programa de extens\u00e3o da Universidade Federal do Tocantins (UFT) e o Conselho Nacional dos Direitos da Pessoa Idosa, por interm\u00e9dio da Secretaria Nacional de Promo\u00e7\u00e3o e Defesa dos Direitos da Pessoa Idosa do Minist\u00e9rio da Mulher, da Fam\u00edlia e dos Direitos Humanos (SNDPI\/MMFDH), divulgaram nesta quarta-feira, 14, o resultado [&hellip;]<\/p>\n","protected":false},"author":2,"featured_media":1181,"comment_status":"closed","ping_status":"closed","sticky":false,"template":"","format":"standard","meta":{"footnotes":""},"categories":[1],"tags":[],"_links":{"self":[{"href":"https:\/\/sites.uft.edu.br\/uma\/wp-json\/wp\/v2\/posts\/1186"}],"collection":[{"href":"https:\/\/sites.uft.edu.br\/uma\/wp-json\/wp\/v2\/posts"}],"about":[{"href":"https:\/\/sites.uft.edu.br\/uma\/wp-json\/wp\/v2\/types\/post"}],"author":[{"embeddable":true,"href":"https:\/\/sites.uft.edu.br\/uma\/wp-json\/wp\/v2\/users\/2"}],"replies":[{"embeddable":true,"href":"https:\/\/sites.uft.edu.br\/uma\/wp-json\/wp\/v2\/comments?post=1186"}],"version-history":[{"count":4,"href":"https:\/\/sites.uft.edu.br\/uma\/wp-json\/wp\/v2\/posts\/1186\/revisions"}],"predecessor-version":[{"id":1192,"href":"https:\/\/sites.uft.edu.br\/uma\/wp-json\/wp\/v2\/posts\/1186\/revisions\/1192"}],"wp:featuredmedia":[{"embeddable":true,"href":"https:\/\/sites.uft.edu.br\/uma\/wp-json\/wp\/v2\/media\/1181"}],"wp:attachment":[{"href":"https:\/\/sites.uft.edu.br\/uma\/wp-json\/wp\/v2\/media?parent=1186"}],"wp:term":[{"taxonomy":"category","embeddable":true,"href":"https:\/\/sites.uft.edu.br\/uma\/wp-json\/wp\/v2\/categories?post=1186"},{"taxonomy":"post_tag","embeddable":true,"href":"https:\/\/sites.uft.edu.br\/uma\/wp-json\/wp\/v2\/tags?post=1186"}],"curies":[{"name":"wp","href":"https:\/\/api.w.org\/{rel}","templated":true}]}}