{"id":1177,"date":"2022-12-08T12:56:40","date_gmt":"2022-12-08T15:56:40","guid":{"rendered":"http:\/\/sites.uft.edu.br\/uma\/?p=1177"},"modified":"2022-12-08T12:56:40","modified_gmt":"2022-12-08T15:56:40","slug":"uma-divulga-resultado-preliminar-do-concurso-de-redacao-e-cronicas-que-tem-como-tema-o-papel-da-pessoa-idosa-no-seculo-xxi","status":"publish","type":"post","link":"https:\/\/sites.uft.edu.br\/uma\/uma-divulga-resultado-preliminar-do-concurso-de-redacao-e-cronicas-que-tem-como-tema-o-papel-da-pessoa-idosa-no-seculo-xxi\/","title":{"rendered":"UMA divulga resultado preliminar do concurso de reda\u00e7\u00e3o e cr\u00f4nicas que tem como tema \u201cO papel da pessoa idosa no s\u00e9culo XXI\u201d"},"content":{"rendered":"<p>UMA divulga resultado preliminar do Concurso de reda\u00e7\u00e3o e cr\u00f4nicas que tem como tema \u201cO papel da pessoa idosa no s\u00e9culo XXI\u201d<\/p>\n<p>A Universidade da Maturidade (UMA)\u00a0 \u2013 programa de extens\u00e3o da Universidade Federal do Tocantins (UFT) e o Conselho Nacional dos Direitos da Pessoa Idosa, por interm\u00e9dio da Secretaria Nacional de Promo\u00e7\u00e3o e Defesa dos Direitos da Pessoa Idosa do Minist\u00e9rio da Mulher, da Fam\u00edlia e dos Direitos Humanos (SNDPI\/MMFDH), divulgaram nesta quinta-feira, 08, o resultado preliminar do concurso liter\u00e1rio com o tema \u201cO papel da pessoa idosa no s\u00e9culo XXI\u201d.<\/p>\n<p>De acordo com os editais, os candidatos t\u00eam at\u00e9 o dia 13 deste m\u00eas para realizar interposi\u00e7\u00e3o de recursos ao resultado preliminar por meio dos e-mails meio dos e-mails\u00a0<a href=\"mailto:cronicaidosos@uft.edu.br\">cronicaidosos@uft.edu.br<\/a>\u00a0e\u00a0<a href=\"mailto:redacaoidosos@uft.edu.br\">redacaoidosos@uft.edu.br<\/a>. Segundo o cronograma o resultado final com os vencedores ser\u00e1 publicado no dia 15 de dezembro.<\/p>\n<p>A premia\u00e7\u00e3o varia de R$2 mil a R$8 mil por obra liter\u00e1ria, dependendo da coloca\u00e7\u00e3o conquistada. Ser\u00e3o premiadas as cinco melhores reda\u00e7\u00f5es, bem como, as cinco melhores cr\u00f4nicas e, al\u00e9m do valor em dinheiro, os autores ser\u00e3o convidados para participar pessoalmente da cerim\u00f4nia de premia\u00e7\u00e3o em Bras\u00edlia (DF).<\/p>\n<p><strong>Confira os resultados<\/strong><\/p>\n<p><em><a href=\"http:\/\/sites.uft.edu.br\/uma\/wp-content\/uploads\/2022\/12\/RESULTADO-PRELIMINAR-DAS-REDACOES.pdf\">RESULTADO PRELIMINAR DAS REDA\u00c7\u00d5ES<\/a><\/em><\/p>\n<p><em><a href=\"http:\/\/sites.uft.edu.br\/uma\/wp-content\/uploads\/2022\/12\/RESULTADO-PRELIMINAR-DAS-CRONICAS.pdf\">RESULTADO PRELIMINAR DAS CR\u00d4NICAS<\/a>\u00a0<\/em><\/p>\n","protected":false},"excerpt":{"rendered":"<p>UMA divulga resultado preliminar do Concurso de reda\u00e7\u00e3o e cr\u00f4nicas que tem como tema \u201cO papel da pessoa idosa no s\u00e9culo XXI\u201d A Universidade da Maturidade (UMA)\u00a0 \u2013 programa de extens\u00e3o da Universidade Federal do Tocantins (UFT) e o Conselho Nacional dos Direitos da Pessoa Idosa, por interm\u00e9dio da Secretaria Nacional de Promo\u00e7\u00e3o e Defesa [&hellip;]<\/p>\n","protected":false},"author":2,"featured_media":1181,"comment_status":"closed","ping_status":"closed","sticky":false,"template":"","format":"standard","meta":{"footnotes":""},"categories":[1],"tags":[],"_links":{"self":[{"href":"https:\/\/sites.uft.edu.br\/uma\/wp-json\/wp\/v2\/posts\/1177"}],"collection":[{"href":"https:\/\/sites.uft.edu.br\/uma\/wp-json\/wp\/v2\/posts"}],"about":[{"href":"https:\/\/sites.uft.edu.br\/uma\/wp-json\/wp\/v2\/types\/post"}],"author":[{"embeddable":true,"href":"https:\/\/sites.uft.edu.br\/uma\/wp-json\/wp\/v2\/users\/2"}],"replies":[{"embeddable":true,"href":"https:\/\/sites.uft.edu.br\/uma\/wp-json\/wp\/v2\/comments?post=1177"}],"version-history":[{"count":2,"href":"https:\/\/sites.uft.edu.br\/uma\/wp-json\/wp\/v2\/posts\/1177\/revisions"}],"predecessor-version":[{"id":1182,"href":"https:\/\/sites.uft.edu.br\/uma\/wp-json\/wp\/v2\/posts\/1177\/revisions\/1182"}],"wp:featuredmedia":[{"embeddable":true,"href":"https:\/\/sites.uft.edu.br\/uma\/wp-json\/wp\/v2\/media\/1181"}],"wp:attachment":[{"href":"https:\/\/sites.uft.edu.br\/uma\/wp-json\/wp\/v2\/media?parent=1177"}],"wp:term":[{"taxonomy":"category","embeddable":true,"href":"https:\/\/sites.uft.edu.br\/uma\/wp-json\/wp\/v2\/categories?post=1177"},{"taxonomy":"post_tag","embeddable":true,"href":"https:\/\/sites.uft.edu.br\/uma\/wp-json\/wp\/v2\/tags?post=1177"}],"curies":[{"name":"wp","href":"https:\/\/api.w.org\/{rel}","templated":true}]}}