{"id":1171,"date":"2022-12-06T15:43:34","date_gmt":"2022-12-06T18:43:34","guid":{"rendered":"http:\/\/sites.uft.edu.br\/uma\/?p=1171"},"modified":"2022-12-06T15:43:34","modified_gmt":"2022-12-06T18:43:34","slug":"universidade-da-maturidade-realiza-colacao-de-grau-da-2o-turma-do-polo-de-porto-nacional","status":"publish","type":"post","link":"https:\/\/sites.uft.edu.br\/uma\/universidade-da-maturidade-realiza-colacao-de-grau-da-2o-turma-do-polo-de-porto-nacional\/","title":{"rendered":"Universidade da Maturidade realiza cola\u00e7\u00e3o de grau da 2\u00ba turma do polo de Porto Nacional"},"content":{"rendered":"<p><i>Evento ocorreu nessa sexta-feira, 02, no audit\u00f3rio do Instituto Federal do Tocantins (IFTO)<\/i><\/p>\n<p>A Universidade da Maturidade (UMA) \u2013 Programa de Extens\u00e3o da Universidade Federal do Tocantins (UFT) realizou na \u00faltima sexta-feira, 02, no audit\u00f3rio do Instituto Federal do Tocantins (IFTO), a solenidade de cola\u00e7\u00e3o de grau da segunda turma de acad\u00eamicos do polo de Porto Nacional. A UMA no munic\u00edpio \u00e9 fruto de parceria com a prefeitura, por meio da Secretaria de Assist\u00eancia Social.<\/p>\n<p>A turma de 35 acad\u00eamicos recebeu o nome do coordenador da UMA, professor Dr. Luiz Sin\u00e9sio Silva Neto e teve como paraninfa a tamb\u00e9m coordenadora do programa, professora doutora Neila Os\u00f3rio. Com a conclus\u00e3o, os idosos receberam o t\u00edtulo de Educadores Pol\u00edtico Social do Envelhecimento Humano.<\/p>\n<p>Em seu discurso, Neto ressaltou que a \u201cUMA \u00e9 uma f\u00e1brica de desejos e de sonhos, digo isso pois vi pessoas que entraram pelas portas da UMA carregando em si o peso da invisibilidade que muitas vezes \u00e9 imposta pela sociedade, com o passar do tempo, o invis\u00edvel se tornou o s\u00edmbolo de luta e vigor, e que hoje se encontra sentado em uma cadeira de beca, canudo na m\u00e3o e seus familiares aplaudindo\u201d, disse.<\/p>\n<p>O prefeito de Porto Nacional, Ronivon Maciel parabenizou os formandos e destacou o trabalho da UMA no munic\u00edpio. &#8221; Eu s\u00f3 tenho a agradecer as pessoas que participaram e contribu\u00edram de alguma forma nesse processo. O conhecimento nos d\u00e1 a oportunidade para que tenhamos mais qualidade de vida, com certeza iremos dar continuidade a esse trabalho e, desta forma, transformar mais vidas&#8221;.<\/p>\n<p><b>Polo de Porto Nacional<\/b><\/p>\n<p>A primeira turma da UMA de Porto Nacional foi iniciada em 21 de janeiro de 2010. J\u00e1 a segunda, teve in\u00edcio em 2018 e, devido a pandemia da Covid-19, s\u00f3 este ano foi poss\u00edvel realizar a formatura. \u00a0A terceira turma j\u00e1 est\u00e1 sendo estruturada e a previs\u00e3o \u00e9 que as aulas sejam iniciadas em janeiro do pr\u00f3ximo ano.<\/p>\n<p>&nbsp;<\/p>\n","protected":false},"excerpt":{"rendered":"<p>Evento ocorreu nessa sexta-feira, 02, no audit\u00f3rio do Instituto Federal do Tocantins (IFTO) A Universidade da Maturidade (UMA) \u2013 Programa de Extens\u00e3o da Universidade Federal do Tocantins (UFT) realizou na \u00faltima sexta-feira, 02, no audit\u00f3rio do Instituto Federal do Tocantins (IFTO), a solenidade de cola\u00e7\u00e3o de grau da segunda turma de acad\u00eamicos do polo de [&hellip;]<\/p>\n","protected":false},"author":2,"featured_media":1174,"comment_status":"closed","ping_status":"closed","sticky":false,"template":"","format":"standard","meta":{"footnotes":""},"categories":[1],"tags":[],"_links":{"self":[{"href":"https:\/\/sites.uft.edu.br\/uma\/wp-json\/wp\/v2\/posts\/1171"}],"collection":[{"href":"https:\/\/sites.uft.edu.br\/uma\/wp-json\/wp\/v2\/posts"}],"about":[{"href":"https:\/\/sites.uft.edu.br\/uma\/wp-json\/wp\/v2\/types\/post"}],"author":[{"embeddable":true,"href":"https:\/\/sites.uft.edu.br\/uma\/wp-json\/wp\/v2\/users\/2"}],"replies":[{"embeddable":true,"href":"https:\/\/sites.uft.edu.br\/uma\/wp-json\/wp\/v2\/comments?post=1171"}],"version-history":[{"count":1,"href":"https:\/\/sites.uft.edu.br\/uma\/wp-json\/wp\/v2\/posts\/1171\/revisions"}],"predecessor-version":[{"id":1173,"href":"https:\/\/sites.uft.edu.br\/uma\/wp-json\/wp\/v2\/posts\/1171\/revisions\/1173"}],"wp:featuredmedia":[{"embeddable":true,"href":"https:\/\/sites.uft.edu.br\/uma\/wp-json\/wp\/v2\/media\/1174"}],"wp:attachment":[{"href":"https:\/\/sites.uft.edu.br\/uma\/wp-json\/wp\/v2\/media?parent=1171"}],"wp:term":[{"taxonomy":"category","embeddable":true,"href":"https:\/\/sites.uft.edu.br\/uma\/wp-json\/wp\/v2\/categories?post=1171"},{"taxonomy":"post_tag","embeddable":true,"href":"https:\/\/sites.uft.edu.br\/uma\/wp-json\/wp\/v2\/tags?post=1171"}],"curies":[{"name":"wp","href":"https:\/\/api.w.org\/{rel}","templated":true}]}}