{"id":1160,"date":"2022-11-30T19:37:41","date_gmt":"2022-11-30T22:37:41","guid":{"rendered":"http:\/\/sites.uft.edu.br\/uma\/?p=1160"},"modified":"2022-12-01T18:21:00","modified_gmt":"2022-12-01T21:21:00","slug":"uma-divulga-resultado-dos-recursos-do-concurso-literario-o-papel-da-pessoa-idosa-no-seculo-xxi","status":"publish","type":"post","link":"https:\/\/sites.uft.edu.br\/uma\/uma-divulga-resultado-dos-recursos-do-concurso-literario-o-papel-da-pessoa-idosa-no-seculo-xxi\/","title":{"rendered":"UMA divulga resultado dos recursos do concurso liter\u00e1rio &#8220;O papel da pessoa idosa no s\u00e9culo XXI&#8221;"},"content":{"rendered":"<p style=\"margin: 0cm; margin-bottom: .0001pt; text-align: justify; line-height: 21.0pt; background: white; vertical-align: baseline;\"><span style=\"font-size: 10.5pt; font-family: 'Arial','sans-serif'; color: #333333;\">A Universidade da Maturidade (UMA)\u00a0 &#8211; programa de extens\u00e3o da Universidade Federal do Tocantins (UFT) e o Conselho Nacional dos Direitos da Pessoa Idosa, por interm\u00e9dio da Secretaria Nacional de Promo\u00e7\u00e3o e Defesa dos Direitos da Pessoa Idosa do Minist\u00e9rio da Mulher, da Fam\u00edlia e dos Direitos Humanos (SNDPI\/MMFDH), divulgaram nesta quinta-feira (1\u00ba) o resultado dos recursos do concurso liter\u00e1rio com o tema \u201cO papel da pessoa idosa no s\u00e9culo XXI\u201d.<\/span><\/p>\n<p style=\"margin: 0cm; margin-bottom: .0001pt; text-align: justify; line-height: 21.0pt; background: white; vertical-align: baseline;\"><span style=\"font-size: 10.5pt; font-family: 'Arial','sans-serif'; color: #333333;\">\u00a0<\/span><\/p>\n<p style=\"margin: 0cm; margin-bottom: .0001pt; text-align: justify; line-height: 21.0pt; background: white; vertical-align: baseline;\"><span style=\"font-size: 10.5pt; font-family: 'Arial','sans-serif'; color: #333333;\">No dia 21 deste m\u00eas foi publicado <\/span><span style=\"font-family: 'Calibri','sans-serif'; color: #222222; background: white;\">resultado provis\u00f3rio das reda\u00e7\u00f5es e cr\u00f4nicas habilitadas e n\u00e3o habilitadas a seguir no certamente<\/span> e, de acordo com os editais, os candidatos poderiam apresentar recursos <span style=\"font-size: 10.5pt; font-family: 'Arial','sans-serif'; color: #333333;\">de 22 a 28\u00a0 de novembro\u00a0por meio dos e-mails\u00a0<span id=\"cloak63dbdca80dd23ef2f3f0c003f44bfdee\"><a style=\"outline: 0px;\" href=\"mailto:cronicaidosos@uft.edu.br\"><span style=\"color: #0088cc;\">cronicaidosos@uft.edu.br<\/span><\/a><\/span>\u00a0e\u00a0<span id=\"cloak782d26b35ce33e673d158ba2e22168e4\"><a style=\"outline: 0px;\" href=\"mailto:redacaoidosos@uft.edu.br\"><span style=\"color: #0088cc;\">redacaoidosos@uft.edu.br<\/span><\/a><\/span>. De acordo com o cronograma o resultado final com os vencedores ser\u00e1 publicado no dia 15 de dezembro. <\/span><\/p>\n<p style=\"margin: 0cm; margin-bottom: .0001pt; text-align: justify; line-height: 21.0pt; background: white; vertical-align: baseline; font-variant-ligatures: normal; font-variant-caps: normal; orphans: 2; widows: 2; -webkit-text-stroke-width: 0px; text-decoration-thickness: initial; text-decoration-style: initial; text-decoration-color: initial; word-spacing: 0px;\"><span style=\"font-size: 10.5pt; font-family: 'Arial','sans-serif'; color: black;\">\u00a0<\/span><\/p>\n<p style=\"margin: 0cm; margin-bottom: .0001pt; text-align: justify; line-height: 21.0pt; background: white; vertical-align: baseline; font-variant-ligatures: normal; font-variant-caps: normal; orphans: 2; widows: 2; -webkit-text-stroke-width: 0px; text-decoration-thickness: initial; text-decoration-style: initial; text-decoration-color: initial; word-spacing: 0px;\"><span style=\"font-size: 10.5pt; font-family: 'Arial','sans-serif'; color: #333333;\">A premia\u00e7\u00e3o varia de R$2 mil a R$8 mil por obra liter\u00e1ria, dependendo da coloca\u00e7\u00e3o conquistada. Ser\u00e3o premiadas as cinco melhores reda\u00e7\u00f5es, bem como, as cinco melhores cr\u00f4nicas e, al\u00e9m do valor em dinheiro, os autores ser\u00e3o convidados para participar pessoalmente da cerim\u00f4nia de premia\u00e7\u00e3o em Bras\u00edlia (DF). <\/span><\/p>\n<p>&nbsp;<\/p>\n<p style=\"margin: 0cm; margin-bottom: .0001pt; text-align: justify; line-height: 21.0pt; background: white; vertical-align: baseline; font-variant-ligatures: normal; font-variant-caps: normal; orphans: 2; widows: 2; -webkit-text-stroke-width: 0px; text-decoration-thickness: initial; text-decoration-style: initial; text-decoration-color: initial; word-spacing: 0px;\"><span style=\"font-size: 10.5pt; font-family: 'Arial','sans-serif'; color: #333333;\">Confira os resultados<\/span><\/p>\n<p><a href=\"http:\/\/sites.uft.edu.br\/uma\/wp-content\/uploads\/2022\/11\/RESPOSTAS-AOS-RECURSOS-EDITAL-No-1-CONCURSO-DE-REDACOES.pdf\">RESPOSTAS AOS RECURSOS EDITAL N\u00ba 1 &#8211; CONCURSO DE REDA\u00c7\u00d5ES<\/a><\/p>\n<p><a href=\"http:\/\/sites.uft.edu.br\/uma\/wp-content\/uploads\/2022\/11\/RESPOSTAS-AO-EDITAL-No-2-CONCURSO-DE-CRONICAS.pdf\">RESPOSTAS AO EDITAL N\u00ba 2 CONCURSO DE CR\u00d4NICAS<\/a><\/p>\n","protected":false},"excerpt":{"rendered":"<p>A Universidade da Maturidade (UMA)\u00a0 &#8211; programa de extens\u00e3o da Universidade Federal do Tocantins (UFT) e o Conselho Nacional dos Direitos da Pessoa Idosa, por interm\u00e9dio da Secretaria Nacional de Promo\u00e7\u00e3o e Defesa dos Direitos da Pessoa Idosa do Minist\u00e9rio da Mulher, da Fam\u00edlia e dos Direitos Humanos (SNDPI\/MMFDH), divulgaram nesta quinta-feira (1\u00ba) o resultado [&hellip;]<\/p>\n","protected":false},"author":2,"featured_media":1141,"comment_status":"closed","ping_status":"closed","sticky":false,"template":"","format":"standard","meta":{"footnotes":""},"categories":[1],"tags":[],"_links":{"self":[{"href":"https:\/\/sites.uft.edu.br\/uma\/wp-json\/wp\/v2\/posts\/1160"}],"collection":[{"href":"https:\/\/sites.uft.edu.br\/uma\/wp-json\/wp\/v2\/posts"}],"about":[{"href":"https:\/\/sites.uft.edu.br\/uma\/wp-json\/wp\/v2\/types\/post"}],"author":[{"embeddable":true,"href":"https:\/\/sites.uft.edu.br\/uma\/wp-json\/wp\/v2\/users\/2"}],"replies":[{"embeddable":true,"href":"https:\/\/sites.uft.edu.br\/uma\/wp-json\/wp\/v2\/comments?post=1160"}],"version-history":[{"count":3,"href":"https:\/\/sites.uft.edu.br\/uma\/wp-json\/wp\/v2\/posts\/1160\/revisions"}],"predecessor-version":[{"id":1166,"href":"https:\/\/sites.uft.edu.br\/uma\/wp-json\/wp\/v2\/posts\/1160\/revisions\/1166"}],"wp:featuredmedia":[{"embeddable":true,"href":"https:\/\/sites.uft.edu.br\/uma\/wp-json\/wp\/v2\/media\/1141"}],"wp:attachment":[{"href":"https:\/\/sites.uft.edu.br\/uma\/wp-json\/wp\/v2\/media?parent=1160"}],"wp:term":[{"taxonomy":"category","embeddable":true,"href":"https:\/\/sites.uft.edu.br\/uma\/wp-json\/wp\/v2\/categories?post=1160"},{"taxonomy":"post_tag","embeddable":true,"href":"https:\/\/sites.uft.edu.br\/uma\/wp-json\/wp\/v2\/tags?post=1160"}],"curies":[{"name":"wp","href":"https:\/\/api.w.org\/{rel}","templated":true}]}}