{"id":1155,"date":"2022-11-22T11:31:09","date_gmt":"2022-11-22T14:31:09","guid":{"rendered":"http:\/\/sites.uft.edu.br\/uma\/?p=1155"},"modified":"2022-11-22T11:31:09","modified_gmt":"2022-11-22T14:31:09","slug":"coordenadora-da-uma-ministra-formacao-na-universidade-estadual-de-mato-grosso-do-sul","status":"publish","type":"post","link":"https:\/\/sites.uft.edu.br\/uma\/coordenadora-da-uma-ministra-formacao-na-universidade-estadual-de-mato-grosso-do-sul\/","title":{"rendered":"Coordenadora da UMA ministra forma\u00e7\u00e3o na Universidade Estadual de Mato Grosso do Sul"},"content":{"rendered":"<p>Em Campo Grande (MS), nessa segunda-feira, 21, a coordenadora da Universidade da Maturidade (UMA), Neila Os\u00f3rio, e os mestrandos Marlon Brito e N\u00fabia Brito ministraram forma\u00e7\u00e3o para os gerentes, coordenadores e professores de cursos de gradua\u00e7\u00e3o e p\u00f3s-gradua\u00e7\u00e3o da Universidade Estadual de Mato Grosso do Sul (UEMS). O reitor da institui\u00e7\u00e3o, La\u00e9rcio Alves de Carvalho tamb\u00e9m esteve presente.<\/p>\n<p>De acordo com Neila, o objetivo da forma\u00e7\u00e3o foi explicar como funciona a tecnologia social da UMA, educa\u00e7\u00e3o intergeracional e gerontol\u00f3gica e, a partir disso, implantar o polo UMA\/(UEMS).<\/p>\n<p>Ainda em Campo Grande, Neila participou da sess\u00e3o solene em comemora\u00e7\u00e3o ao Dia da Educa\u00e7\u00e3o Superior e da posse de La\u00e9rcio como presidente Conselho de Reitores das Institui\u00e7\u00f5es de Ensino Superior de Mato Grosso do Sul (CRIE-MS).<\/p>\n<p>A sess\u00e3o solene foi transmitida pelo link <em><strong><a href=\"https:\/\/youtu.be\/bjJIUJNrKxM\">https:\/\/youtu.be\/bjJIUJNrKxM<\/a><\/strong><\/em>, confira.<\/p>\n","protected":false},"excerpt":{"rendered":"<p>Em Campo Grande (MS), nessa segunda-feira, 21, a coordenadora da Universidade da Maturidade (UMA), Neila Os\u00f3rio, e os mestrandos Marlon Brito e N\u00fabia Brito ministraram forma\u00e7\u00e3o para os gerentes, coordenadores e professores de cursos de gradua\u00e7\u00e3o e p\u00f3s-gradua\u00e7\u00e3o da Universidade Estadual de Mato Grosso do Sul (UEMS). O reitor da institui\u00e7\u00e3o, La\u00e9rcio Alves de Carvalho [&hellip;]<\/p>\n","protected":false},"author":2,"featured_media":1156,"comment_status":"closed","ping_status":"closed","sticky":false,"template":"","format":"standard","meta":{"footnotes":""},"categories":[1],"tags":[],"_links":{"self":[{"href":"https:\/\/sites.uft.edu.br\/uma\/wp-json\/wp\/v2\/posts\/1155"}],"collection":[{"href":"https:\/\/sites.uft.edu.br\/uma\/wp-json\/wp\/v2\/posts"}],"about":[{"href":"https:\/\/sites.uft.edu.br\/uma\/wp-json\/wp\/v2\/types\/post"}],"author":[{"embeddable":true,"href":"https:\/\/sites.uft.edu.br\/uma\/wp-json\/wp\/v2\/users\/2"}],"replies":[{"embeddable":true,"href":"https:\/\/sites.uft.edu.br\/uma\/wp-json\/wp\/v2\/comments?post=1155"}],"version-history":[{"count":2,"href":"https:\/\/sites.uft.edu.br\/uma\/wp-json\/wp\/v2\/posts\/1155\/revisions"}],"predecessor-version":[{"id":1158,"href":"https:\/\/sites.uft.edu.br\/uma\/wp-json\/wp\/v2\/posts\/1155\/revisions\/1158"}],"wp:featuredmedia":[{"embeddable":true,"href":"https:\/\/sites.uft.edu.br\/uma\/wp-json\/wp\/v2\/media\/1156"}],"wp:attachment":[{"href":"https:\/\/sites.uft.edu.br\/uma\/wp-json\/wp\/v2\/media?parent=1155"}],"wp:term":[{"taxonomy":"category","embeddable":true,"href":"https:\/\/sites.uft.edu.br\/uma\/wp-json\/wp\/v2\/categories?post=1155"},{"taxonomy":"post_tag","embeddable":true,"href":"https:\/\/sites.uft.edu.br\/uma\/wp-json\/wp\/v2\/tags?post=1155"}],"curies":[{"name":"wp","href":"https:\/\/api.w.org\/{rel}","templated":true}]}}