{"id":1100,"date":"2022-11-10T19:17:45","date_gmt":"2022-11-10T22:17:45","guid":{"rendered":"http:\/\/sites.uft.edu.br\/uma\/?p=1100"},"modified":"2022-11-10T19:17:45","modified_gmt":"2022-11-10T22:17:45","slug":"universidade-da-maturidade-leva-educacao-intergeracional-para-7a-edicao-da-fecit","status":"publish","type":"post","link":"https:\/\/sites.uft.edu.br\/uma\/universidade-da-maturidade-leva-educacao-intergeracional-para-7a-edicao-da-fecit\/","title":{"rendered":"Universidade da Maturidade leva educa\u00e7\u00e3o intergeracional para 7\u00aa edi\u00e7\u00e3o da Fecit"},"content":{"rendered":"<p><em>O objetivo do espa\u00e7o \u00e9 mostrar que \u00e9 poss\u00edvel envelhecer de forma saud\u00e1vel, ativa e em harmonia com as diferentes gera\u00e7\u00f5es <\/em><\/p>\n<p>Brincadeiras de roda, m\u00fasica, dan\u00e7a e muita anima\u00e7\u00e3o envolvendo a educa\u00e7\u00e3o intergeracional, est\u00e3o presentes no stand da Universidade da Maturidade (UMA), da Universidade Federal do Tocantins (UFT), na 7\u00aa edi\u00e7\u00e3o da Feira de Empreendedorismo, Ci\u00eancia, Inova\u00e7\u00e3o e Tecnologia (Fecit), que teve in\u00edcio nesta quinta-feira, 10, no Centro de Conven\u00e7\u00f5es Arnaud Rodrigues, em Palmas.<\/p>\n<p>A professora da UMA e uma das organizadoras do espa\u00e7o, Luciana Pegoraro, destaca que o objetivo \u00e9 mostrar que \u00e9 poss\u00edvel envelhecer de forma saud\u00e1vel, ativa e em harmonia com as diferentes gera\u00e7\u00f5es.<\/p>\n<p>&#8220;Na UMA valorizamos o contato com as diferentes gera\u00e7\u00f5es, e a Fecit\u00a0 \u00e9\u00a0 um espa\u00e7o\u00a0 prop\u00edcio\u00a0 para isso. Aqui no stand, dan\u00e7amos, brincamos e cantamos com as crian\u00e7as,\u00a0 jovens e adultos, pois entendemos que a velhice \u00e9 uma fase da vida e que \u00e9 necess\u00e1rio harmonia entre todas as gera\u00e7\u00f5es&#8221;, ressaltou Luciana.<\/p>\n<p>Encantado com as brincadeiras da \u00e9poca dos seus av\u00f3s, o estudante Andr\u00e9 Alves Alencar, 9 anos, do 4\u00b0 ano da Escola Municipal de Tempo Integral Santa B\u00e1rbara, de Palmas, disse que ficou muito feliz em poder brincar e interagir com os acad\u00eamicos da UMA. &#8220;Gostei muito de passar esse momento com eles, pois s\u00e3o muitos gentis, legais e conversam bastante. Foi muito bom brincar e aprender com todos&#8221;.<\/p>\n<p>Aparecida Donizete Martins de Toledo, 67 anos, acad\u00eamica da UMA polo de Palmas, tamb\u00e9m n\u00e3o escondeu a felicidade em poder interagir com os jovens. &#8220;Estou muito feliz. Essas crian\u00e7as nos enchem de esperan\u00e7a em um futuro melhor, que respeita os velhos&#8221;.<\/p>\n<p>Essa \u00e9 a terceira vez que a UMA est\u00e1 presente na Fecit que este ano tem o tema &#8220;Empreendedorismo, Ci\u00eancia, Inova\u00e7\u00e3o e Tecnologia &#8211; Bicenten\u00e1rio da Independ\u00eancia&#8221;. A programa\u00e7\u00e3o segue at\u00e9 esta sexta-feira, 11.<\/p>\n<p>&nbsp;<\/p>\n<figure id=\"attachment_1102\" aria-describedby=\"caption-attachment-1102\" style=\"width: 525px\" class=\"wp-caption alignnone\"><img loading=\"lazy\" decoding=\"async\" class=\"wp-image-1102 size-large\" src=\"http:\/\/sites.uft.edu.br\/uma\/wp-content\/uploads\/2022\/11\/Foto-01-1024x768.jpeg\" alt=\"UMA leve educa\u00e7\u00e3o intergeracional para 7\u00ba edi\u00e7\u00e3o da Fecit \" width=\"525\" height=\"394\" srcset=\"https:\/\/sites.uft.edu.br\/uma\/wp-content\/uploads\/2022\/11\/Foto-01-1024x768.jpeg 1024w, https:\/\/sites.uft.edu.br\/uma\/wp-content\/uploads\/2022\/11\/Foto-01-300x225.jpeg 300w, https:\/\/sites.uft.edu.br\/uma\/wp-content\/uploads\/2022\/11\/Foto-01-768x576.jpeg 768w, https:\/\/sites.uft.edu.br\/uma\/wp-content\/uploads\/2022\/11\/Foto-01-1536x1152.jpeg 1536w, https:\/\/sites.uft.edu.br\/uma\/wp-content\/uploads\/2022\/11\/Foto-01.jpeg 1600w\" sizes=\"(max-width: 525px) 100vw, 525px\" \/><figcaption id=\"caption-attachment-1102\" class=\"wp-caption-text\">UMA leve educa\u00e7\u00e3o intergeracional para 7\u00ba edi\u00e7\u00e3o da Fecit<\/figcaption><\/figure>\n<p>&nbsp;<\/p>\n<figure id=\"attachment_1103\" aria-describedby=\"caption-attachment-1103\" style=\"width: 525px\" class=\"wp-caption alignnone\"><img loading=\"lazy\" decoding=\"async\" class=\"size-large wp-image-1103\" src=\"http:\/\/sites.uft.edu.br\/uma\/wp-content\/uploads\/2022\/11\/Foto-02-1024x768.jpeg\" alt=\"A professora Luciana Pegoraro, destaca que o objetivo \u00e9 mostrar que \u00e9 poss\u00edvel envelhecer de forma saud\u00e1vel\" width=\"525\" height=\"394\" srcset=\"https:\/\/sites.uft.edu.br\/uma\/wp-content\/uploads\/2022\/11\/Foto-02-1024x768.jpeg 1024w, https:\/\/sites.uft.edu.br\/uma\/wp-content\/uploads\/2022\/11\/Foto-02-300x225.jpeg 300w, https:\/\/sites.uft.edu.br\/uma\/wp-content\/uploads\/2022\/11\/Foto-02-768x576.jpeg 768w, https:\/\/sites.uft.edu.br\/uma\/wp-content\/uploads\/2022\/11\/Foto-02.jpeg 1280w\" sizes=\"(max-width: 525px) 100vw, 525px\" \/><figcaption id=\"caption-attachment-1103\" class=\"wp-caption-text\">A professora Luciana Pegoraro, destaca que o objetivo \u00e9 mostrar que \u00e9 poss\u00edvel envelhecer de forma saud\u00e1vel<\/figcaption><\/figure>\n<p>&nbsp;<\/p>\n<figure id=\"attachment_1105\" aria-describedby=\"caption-attachment-1105\" style=\"width: 525px\" class=\"wp-caption alignnone\"><img loading=\"lazy\" decoding=\"async\" class=\"size-large wp-image-1105\" src=\"http:\/\/sites.uft.edu.br\/uma\/wp-content\/uploads\/2022\/11\/Foto-03-1024x768.jpeg\" alt=\"Andr\u00e9 Alves Alencar, do 4\u00b0 ano da ETI Santa B\u00e1rbara ficou muito feliz em poder brincar com os idosos\" width=\"525\" height=\"394\" srcset=\"https:\/\/sites.uft.edu.br\/uma\/wp-content\/uploads\/2022\/11\/Foto-03-1024x768.jpeg 1024w, https:\/\/sites.uft.edu.br\/uma\/wp-content\/uploads\/2022\/11\/Foto-03-300x225.jpeg 300w, https:\/\/sites.uft.edu.br\/uma\/wp-content\/uploads\/2022\/11\/Foto-03-768x576.jpeg 768w, https:\/\/sites.uft.edu.br\/uma\/wp-content\/uploads\/2022\/11\/Foto-03-1536x1152.jpeg 1536w, https:\/\/sites.uft.edu.br\/uma\/wp-content\/uploads\/2022\/11\/Foto-03.jpeg 1600w\" sizes=\"(max-width: 525px) 100vw, 525px\" \/><figcaption id=\"caption-attachment-1105\" class=\"wp-caption-text\">Andr\u00e9 Alves Alencar, do 4\u00b0 ano da ETI Santa B\u00e1rbara ficou muito feliz em poder brincar com os idosos<\/figcaption><\/figure>\n<figure id=\"attachment_1106\" aria-describedby=\"caption-attachment-1106\" style=\"width: 525px\" class=\"wp-caption alignnone\"><img loading=\"lazy\" decoding=\"async\" class=\"wp-image-1106 size-large\" src=\"http:\/\/sites.uft.edu.br\/uma\/wp-content\/uploads\/2022\/11\/Foto-04-1024x768.jpeg\" alt=\"Aparecida Toledo, acad\u00eamica da UMA, disse estar muito feliz em interagir com os jovens \" width=\"525\" height=\"394\" srcset=\"https:\/\/sites.uft.edu.br\/uma\/wp-content\/uploads\/2022\/11\/Foto-04-1024x768.jpeg 1024w, https:\/\/sites.uft.edu.br\/uma\/wp-content\/uploads\/2022\/11\/Foto-04-300x225.jpeg 300w, https:\/\/sites.uft.edu.br\/uma\/wp-content\/uploads\/2022\/11\/Foto-04-768x576.jpeg 768w, https:\/\/sites.uft.edu.br\/uma\/wp-content\/uploads\/2022\/11\/Foto-04-1536x1152.jpeg 1536w, https:\/\/sites.uft.edu.br\/uma\/wp-content\/uploads\/2022\/11\/Foto-04.jpeg 1600w\" sizes=\"(max-width: 525px) 100vw, 525px\" \/><figcaption id=\"caption-attachment-1106\" class=\"wp-caption-text\">Aparecida Toledo, acad\u00eamica da UMA, disse estar muito feliz em interagir com os jovens<\/figcaption><\/figure>\n<p>&nbsp;<\/p>\n","protected":false},"excerpt":{"rendered":"<p>O objetivo do espa\u00e7o \u00e9 mostrar que \u00e9 poss\u00edvel envelhecer de forma saud\u00e1vel, ativa e em harmonia com as diferentes gera\u00e7\u00f5es Brincadeiras de roda, m\u00fasica, dan\u00e7a e muita anima\u00e7\u00e3o envolvendo a educa\u00e7\u00e3o intergeracional, est\u00e3o presentes no stand da Universidade da Maturidade (UMA), da Universidade Federal do Tocantins (UFT), na 7\u00aa edi\u00e7\u00e3o da Feira de Empreendedorismo, [&hellip;]<\/p>\n","protected":false},"author":2,"featured_media":1101,"comment_status":"closed","ping_status":"closed","sticky":false,"template":"","format":"standard","meta":{"footnotes":""},"categories":[1],"tags":[],"_links":{"self":[{"href":"https:\/\/sites.uft.edu.br\/uma\/wp-json\/wp\/v2\/posts\/1100"}],"collection":[{"href":"https:\/\/sites.uft.edu.br\/uma\/wp-json\/wp\/v2\/posts"}],"about":[{"href":"https:\/\/sites.uft.edu.br\/uma\/wp-json\/wp\/v2\/types\/post"}],"author":[{"embeddable":true,"href":"https:\/\/sites.uft.edu.br\/uma\/wp-json\/wp\/v2\/users\/2"}],"replies":[{"embeddable":true,"href":"https:\/\/sites.uft.edu.br\/uma\/wp-json\/wp\/v2\/comments?post=1100"}],"version-history":[{"count":2,"href":"https:\/\/sites.uft.edu.br\/uma\/wp-json\/wp\/v2\/posts\/1100\/revisions"}],"predecessor-version":[{"id":1107,"href":"https:\/\/sites.uft.edu.br\/uma\/wp-json\/wp\/v2\/posts\/1100\/revisions\/1107"}],"wp:featuredmedia":[{"embeddable":true,"href":"https:\/\/sites.uft.edu.br\/uma\/wp-json\/wp\/v2\/media\/1101"}],"wp:attachment":[{"href":"https:\/\/sites.uft.edu.br\/uma\/wp-json\/wp\/v2\/media?parent=1100"}],"wp:term":[{"taxonomy":"category","embeddable":true,"href":"https:\/\/sites.uft.edu.br\/uma\/wp-json\/wp\/v2\/categories?post=1100"},{"taxonomy":"post_tag","embeddable":true,"href":"https:\/\/sites.uft.edu.br\/uma\/wp-json\/wp\/v2\/tags?post=1100"}],"curies":[{"name":"wp","href":"https:\/\/api.w.org\/{rel}","templated":true}]}}