{"id":1094,"date":"2022-10-25T08:48:51","date_gmt":"2022-10-25T11:48:51","guid":{"rendered":"http:\/\/sites.uft.edu.br\/uma\/?p=1094"},"modified":"2022-11-10T08:53:22","modified_gmt":"2022-11-10T11:53:22","slug":"palestra-realizada-com-estudantes-promove-discussoes-sobre-os-direitos-e-a-saude-dos-idosos","status":"publish","type":"post","link":"https:\/\/sites.uft.edu.br\/uma\/palestra-realizada-com-estudantes-promove-discussoes-sobre-os-direitos-e-a-saude-dos-idosos\/","title":{"rendered":"Palestra realizada com estudantes promove discuss\u00f5es sobre os direitos e a sa\u00fade dos idosos"},"content":{"rendered":"<p><em>O objetivo foi realizar trocas de experi\u00eancias entre as gera\u00e7\u00f5es e fortalecer a import\u00e2ncia da valoriza\u00e7\u00e3o da pessoa idosa<\/em><\/p>\n<p>No m\u00eas em que se celebra o Dia do Idoso, um encontro de gera\u00e7\u00f5es mesclou a experi\u00eancia com a juventude. Os estudantes da Escola Estadual Novo Horizonte, em Palmas, tiveram a oportunidade de dialogar sobre os direitos e a sa\u00fade dos idosos. A a\u00e7\u00e3o foi realizada pelo Conselho Estadual dos Direitos da Pessoa Idosa, em parceria com a Secretaria de Estado dos Esportes e Juventude (Seju), Secretaria da Educa\u00e7\u00e3o (Seduc) e a Universidade da Maturidade (UMA), da Universidade Federal do Tocantins (UFT).<\/p>\n<p>A programa\u00e7\u00e3o contou com a participa\u00e7\u00e3o dos estudantes da Universidade da Maturidade (UMA). A palestra sobre os direitos e a sa\u00fade dos idosos<strong>\u00a0<\/strong>foi ministrada pelo doutor em Ci\u00eancias e Tecnologias em Sa\u00fade, Luiz Sin\u00e9sio Neto. De acordo com o especialista, o objetivo foi discutir e trazer reflex\u00f5es sobre o processo de envelhecimento humano e como a fase da vida acima dos 60 anos pode ser vivida com alegria. \u201cDemos dicas de como envelhecer com sa\u00fade, trouxemos depoimentos de quatro acad\u00eamicos da Universidade da Maturidade, que deram os testemunhos deles de como a UMA pode modificar a vida deles atrav\u00e9s da educa\u00e7\u00e3o transformadora e da qualidade de vida\u201d, explicou.<\/p>\n<p><strong>Trocas de experi\u00eancias\u00a0<\/strong><\/p>\n<p>A intera\u00e7\u00e3o foi poss\u00edvel gra\u00e7as a um simulador de envelhecimento, onde os alunos puderam sentir as modifica\u00e7\u00f5es no corpo \u00e0 medida que envelhecemos. \u201cEssa experi\u00eancia tem como objetivo fazer com que os alunos possam ver e se sentir na pele de um idoso fr\u00e1gil, al\u00e9m de gerar uma adapta\u00e7\u00e3o de respeito aos idosos. Em suma, essa \u00e9 uma fase da vida que d\u00e1 para ser vivida com alegria, dignidade, cidadania, qualidade de vida, al\u00e9m de trazer tamb\u00e9m a reflex\u00e3o de que os idosos devem ser respeitados\u201d, finalizou.<\/p>\n<p>A troca de conhecimento entre jovens e os membros da Universidade da Maturidade resultar\u00e1 em um projeto ainda maior. A ideia dos estudantes do Gr\u00eamio Estudantil \u00e9 conhecer de perto as a\u00e7\u00f5es desenvolvidas pela UMA. A estudante Evely Vit\u00f3ria \u00e9 representante de turma e segundo a estudante, foi importante conhecer um pouco mais sobre o trabalho desenvolvido pela Universidade da Maturidade. \u201cL\u00e1 \u00e9 o lugar onde eles criam voz e vida, aprendem a buscar uma vida mais saud\u00e1vel, mais divertida. Esse projeto \u00e9 muito bacana, afinal no futuro tamb\u00e9m seremos idosos&#8221;, destacou.<\/p>\n<p>&nbsp;<\/p>\n<p>Fonte: Taianne Moreira \/ Governo do Tocantins<\/p>\n","protected":false},"excerpt":{"rendered":"<p>O objetivo foi realizar trocas de experi\u00eancias entre as gera\u00e7\u00f5es e fortalecer a import\u00e2ncia da valoriza\u00e7\u00e3o da pessoa idosa No m\u00eas em que se celebra o Dia do Idoso, um encontro de gera\u00e7\u00f5es mesclou a experi\u00eancia com a juventude. Os estudantes da Escola Estadual Novo Horizonte, em Palmas, tiveram a oportunidade de dialogar sobre os [&hellip;]<\/p>\n","protected":false},"author":2,"featured_media":1095,"comment_status":"closed","ping_status":"closed","sticky":false,"template":"","format":"standard","meta":{"footnotes":""},"categories":[1],"tags":[],"_links":{"self":[{"href":"https:\/\/sites.uft.edu.br\/uma\/wp-json\/wp\/v2\/posts\/1094"}],"collection":[{"href":"https:\/\/sites.uft.edu.br\/uma\/wp-json\/wp\/v2\/posts"}],"about":[{"href":"https:\/\/sites.uft.edu.br\/uma\/wp-json\/wp\/v2\/types\/post"}],"author":[{"embeddable":true,"href":"https:\/\/sites.uft.edu.br\/uma\/wp-json\/wp\/v2\/users\/2"}],"replies":[{"embeddable":true,"href":"https:\/\/sites.uft.edu.br\/uma\/wp-json\/wp\/v2\/comments?post=1094"}],"version-history":[{"count":1,"href":"https:\/\/sites.uft.edu.br\/uma\/wp-json\/wp\/v2\/posts\/1094\/revisions"}],"predecessor-version":[{"id":1096,"href":"https:\/\/sites.uft.edu.br\/uma\/wp-json\/wp\/v2\/posts\/1094\/revisions\/1096"}],"wp:featuredmedia":[{"embeddable":true,"href":"https:\/\/sites.uft.edu.br\/uma\/wp-json\/wp\/v2\/media\/1095"}],"wp:attachment":[{"href":"https:\/\/sites.uft.edu.br\/uma\/wp-json\/wp\/v2\/media?parent=1094"}],"wp:term":[{"taxonomy":"category","embeddable":true,"href":"https:\/\/sites.uft.edu.br\/uma\/wp-json\/wp\/v2\/categories?post=1094"},{"taxonomy":"post_tag","embeddable":true,"href":"https:\/\/sites.uft.edu.br\/uma\/wp-json\/wp\/v2\/tags?post=1094"}],"curies":[{"name":"wp","href":"https:\/\/api.w.org\/{rel}","templated":true}]}}