{"id":1067,"date":"2022-10-26T14:37:55","date_gmt":"2022-10-26T17:37:55","guid":{"rendered":"http:\/\/sites.uft.edu.br\/uma\/?p=1067"},"modified":"2022-10-26T14:37:55","modified_gmt":"2022-10-26T17:37:55","slug":"inscricoes-para-o-concurso-literario-promovido-pela-uma-e-conselho-nacional-dos-direitos-da-pessoa-idosa-foram-prorrogadas","status":"publish","type":"post","link":"https:\/\/sites.uft.edu.br\/uma\/inscricoes-para-o-concurso-literario-promovido-pela-uma-e-conselho-nacional-dos-direitos-da-pessoa-idosa-foram-prorrogadas\/","title":{"rendered":"Inscri\u00e7\u00f5es para o Concurso Liter\u00e1rio promovido pela UMA e Conselho Nacional dos Direitos da Pessoa Idosa foram prorrogadas"},"content":{"rendered":"<p><em>Estudantes do ensino m\u00e9dio de escolas p\u00fablicas e pessoas com idade igual ou superior a 60 anos t\u00eam at\u00e9 dia 11 de novembro para realizar a inscri\u00e7\u00e3o<\/em><\/p>\n<p>Promovido pela Universidade da Maturidade (UMA) \u2013 Programa de Extens\u00e3o da Universidade Federal do Tocantins (UFT) \u2013 e Conselho Nacional dos Direitos da Pessoa Idosa, por interm\u00e9dio da Secretaria Nacional de Promo\u00e7\u00e3o e Defesa dos Direitos da Pessoa Idosa do Minist\u00e9rio da Mulher, da Fam\u00edlia e dos Direitos Humanos (SNDPI\/MMFDH) o Concurso Liter\u00e1rio que tem como tema \u201cO papel da pessoa idosa no s\u00e9culo XXI\u201d, teve suas inscri\u00e7\u00f5es prorrogadas at\u00e9 dia 11 de novembro.<\/p>\n<p>O edital n\u00ba 1 \u2013 Concurso de Reda\u00e7\u00e3o \u00e9 direcionado aos estudantes do ensino m\u00e9dio da rede p\u00fablica e tem como finalidade conhecer como os jovens brasileiros enxergam e interagem com as pessoas idosas e despertar, neles, a conscientiza\u00e7\u00e3o de que o envelhecimento \u00e9 um caminho natural para todos. J\u00e1 o edital n\u00ba2 \u2013 Concurso de Cr\u00f4nicas, dirigido a pessoas com idade igual ou superior a 60 anos, visa incentivar a produ\u00e7\u00e3o liter\u00e1ria desse p\u00fablico e contribuir para o envelhecimento ativo e saud\u00e1vel.<\/p>\n<p>A premia\u00e7\u00e3o, para ambos os concursos, varia de R$2 mil a R$8 mil por obra liter\u00e1ria, dependendo da coloca\u00e7\u00e3o conquistada. Ser\u00e3o premiadas as cinco melhores reda\u00e7\u00f5es, bem como, as cinco melhores cr\u00f4nicas e, al\u00e9m do valor em dinheiro, os autores ser\u00e3o convidados para participar pessoalmente da cerim\u00f4nia de premia\u00e7\u00e3o em Bras\u00edlia (DF), a ser realizada ap\u00f3s o per\u00edodo de defeso eleitoral.<\/p>\n<p><strong>Intergeracionalidade<\/strong><\/p>\n<p>A iniciativa dos pr\u00eamios liter\u00e1rios visa celebrar a d\u00e9cada de 2021 a 2030, institu\u00edda como \u201cD\u00e9cada do Envelhecimento Saud\u00e1vel\u201d, conforme declarado na Assembleia Geral das Na\u00e7\u00f5es Unidas (ONU). Diversas iniciativas ser\u00e3o realizadas, como parte da D\u00e9cada, para mudar a forma como pensamos, sentimos e agimos em rela\u00e7\u00e3o \u00e0 idade e ao envelhecimento; facilitar a capacidade das pessoas idosas de participar e de contribuir com a comunidade e a sociedade; prestar aten\u00e7\u00e3o integrada e servi\u00e7os de sa\u00fade prim\u00e1rios que atendam \u00e0s necessidades do indiv\u00edduo; e prover acesso aos cuidados de longa dura\u00e7\u00e3o para pessoas idosas que deles necessitem.<\/p>\n<p><strong>Confira os editais com o novo cronograma<\/strong><\/p>\n<p><a href=\"http:\/\/sites.uft.edu.br\/uma\/wp-content\/uploads\/2022\/10\/SEI_MDH-3246083-Edital-Redacao.pdf\">SEI_MDH &#8211; 3246083 &#8211; Edital Reda\u00e7\u00e3o<\/a><\/p>\n<p><a href=\"http:\/\/sites.uft.edu.br\/uma\/wp-content\/uploads\/2022\/10\/SEI_MDH-3245938-Edital-Cronicas.pdf\">SEI_MDH &#8211; 3245938 &#8211; Edital Cr\u00f4nicas<\/a><\/p>\n<p><strong>Confira os editais<\/strong><\/p>\n<p><a href=\"http:\/\/sites.uft.edu.br\/uma\/wp-content\/uploads\/2022\/09\/SEI_MDH-3169577-Edital-no-01-2022_Redacao.pdf\">SEI_MDH &#8211; 3169577 &#8211; Edital n\u00ba 01-2022_Reda\u00e7\u00e3o<\/a><\/p>\n<p><a href=\"http:\/\/sites.uft.edu.br\/uma\/wp-content\/uploads\/2022\/09\/SEI_MDH-3170851-Edital-no-02-2022_Cronicas.pdf\">SEI_MDH &#8211; 3170851 &#8211; Edital n\u00ba 02-2022_Cr\u00f4nicas<\/a><\/p>\n<p><img loading=\"lazy\" decoding=\"async\" class=\"alignnone size-medium wp-image-1072\" src=\"http:\/\/sites.uft.edu.br\/uma\/wp-content\/uploads\/2022\/10\/Concurso-Literario-10-300x300.png\" alt=\"\" width=\"300\" height=\"300\" srcset=\"https:\/\/sites.uft.edu.br\/uma\/wp-content\/uploads\/2022\/10\/Concurso-Literario-10-300x300.png 300w, https:\/\/sites.uft.edu.br\/uma\/wp-content\/uploads\/2022\/10\/Concurso-Literario-10-1024x1024.png 1024w, https:\/\/sites.uft.edu.br\/uma\/wp-content\/uploads\/2022\/10\/Concurso-Literario-10-150x150.png 150w, https:\/\/sites.uft.edu.br\/uma\/wp-content\/uploads\/2022\/10\/Concurso-Literario-10-768x768.png 768w, https:\/\/sites.uft.edu.br\/uma\/wp-content\/uploads\/2022\/10\/Concurso-Literario-10.png 1080w\" sizes=\"(max-width: 300px) 100vw, 300px\" \/>\u00a0 \u00a0 \u00a0 \u00a0 \u00a0 \u00a0 \u00a0 \u00a0 \u00a0 \u00a0 \u00a0 \u00a0 \u00a0 \u00a0<img loading=\"lazy\" decoding=\"async\" class=\"alignnone size-medium wp-image-1073\" src=\"http:\/\/sites.uft.edu.br\/uma\/wp-content\/uploads\/2022\/10\/Concurso-Literario-9-300x300.png\" alt=\"\" width=\"300\" height=\"300\" srcset=\"https:\/\/sites.uft.edu.br\/uma\/wp-content\/uploads\/2022\/10\/Concurso-Literario-9-300x300.png 300w, https:\/\/sites.uft.edu.br\/uma\/wp-content\/uploads\/2022\/10\/Concurso-Literario-9-1024x1024.png 1024w, https:\/\/sites.uft.edu.br\/uma\/wp-content\/uploads\/2022\/10\/Concurso-Literario-9-150x150.png 150w, https:\/\/sites.uft.edu.br\/uma\/wp-content\/uploads\/2022\/10\/Concurso-Literario-9-768x768.png 768w, https:\/\/sites.uft.edu.br\/uma\/wp-content\/uploads\/2022\/10\/Concurso-Literario-9.png 1080w\" sizes=\"(max-width: 300px) 100vw, 300px\" \/><\/p>\n","protected":false},"excerpt":{"rendered":"<p>Estudantes do ensino m\u00e9dio de escolas p\u00fablicas e pessoas com idade igual ou superior a 60 anos t\u00eam at\u00e9 dia 11 de novembro para realizar a inscri\u00e7\u00e3o Promovido pela Universidade da Maturidade (UMA) \u2013 Programa de Extens\u00e3o da Universidade Federal do Tocantins (UFT) \u2013 e Conselho Nacional dos Direitos da Pessoa Idosa, por interm\u00e9dio da [&hellip;]<\/p>\n","protected":false},"author":2,"featured_media":1070,"comment_status":"closed","ping_status":"closed","sticky":false,"template":"","format":"standard","meta":{"footnotes":""},"categories":[1],"tags":[],"_links":{"self":[{"href":"https:\/\/sites.uft.edu.br\/uma\/wp-json\/wp\/v2\/posts\/1067"}],"collection":[{"href":"https:\/\/sites.uft.edu.br\/uma\/wp-json\/wp\/v2\/posts"}],"about":[{"href":"https:\/\/sites.uft.edu.br\/uma\/wp-json\/wp\/v2\/types\/post"}],"author":[{"embeddable":true,"href":"https:\/\/sites.uft.edu.br\/uma\/wp-json\/wp\/v2\/users\/2"}],"replies":[{"embeddable":true,"href":"https:\/\/sites.uft.edu.br\/uma\/wp-json\/wp\/v2\/comments?post=1067"}],"version-history":[{"count":3,"href":"https:\/\/sites.uft.edu.br\/uma\/wp-json\/wp\/v2\/posts\/1067\/revisions"}],"predecessor-version":[{"id":1075,"href":"https:\/\/sites.uft.edu.br\/uma\/wp-json\/wp\/v2\/posts\/1067\/revisions\/1075"}],"wp:featuredmedia":[{"embeddable":true,"href":"https:\/\/sites.uft.edu.br\/uma\/wp-json\/wp\/v2\/media\/1070"}],"wp:attachment":[{"href":"https:\/\/sites.uft.edu.br\/uma\/wp-json\/wp\/v2\/media?parent=1067"}],"wp:term":[{"taxonomy":"category","embeddable":true,"href":"https:\/\/sites.uft.edu.br\/uma\/wp-json\/wp\/v2\/categories?post=1067"},{"taxonomy":"post_tag","embeddable":true,"href":"https:\/\/sites.uft.edu.br\/uma\/wp-json\/wp\/v2\/tags?post=1067"}],"curies":[{"name":"wp","href":"https:\/\/api.w.org\/{rel}","templated":true}]}}