{"id":1035,"date":"2022-10-17T16:05:52","date_gmt":"2022-10-17T19:05:52","guid":{"rendered":"http:\/\/sites.uft.edu.br\/uma\/?p=1035"},"modified":"2022-10-19T16:17:56","modified_gmt":"2022-10-19T19:17:56","slug":"coordenadora-da-universidade-da-maturidade-recebeu-o-titulo-de-cidadao-paraisense","status":"publish","type":"post","link":"https:\/\/sites.uft.edu.br\/uma\/coordenadora-da-universidade-da-maturidade-recebeu-o-titulo-de-cidadao-paraisense\/","title":{"rendered":"Coordenadora da Universidade da Maturidade recebeu o T\u00edtulo de Cidad\u00e3o Paraisense"},"content":{"rendered":"<p><em>O homenagem \u00e9 a maior condecora\u00e7\u00e3o de Para\u00edso do Tocantins<\/em><\/p>\n<p>A coordenadora da Universidade da Maturidade (UMA) \u2013 Programa de Extens\u00e3o da Universidade Federal do Tocantins (UFT), professora Neila Os\u00f3rio, recebeu nesta segunda-feira, 17, o T\u00edtulo Honor\u00edfico de Cidad\u00e3 Paraisense, em Sess\u00e3o Solene realizada pela C\u00e2mara Municipal de Para\u00edso do Tocantins.<\/p>\n<p>O T\u00edtulo \u00e9 a maior condecora\u00e7\u00e3o de Para\u00edso do Tocantins, e sua efetiva\u00e7\u00e3o ocorre atrav\u00e9s de leis municipais aprovadas pela C\u00e2mara de Vereadores e sancionadas pelo Executivo. Neila recebeu a homenagem em reconhecimento pelos relevantes servi\u00e7os prestados ao desenvolvimento humano na \u00e1rea da educa\u00e7\u00e3o com a implanta\u00e7\u00e3o de um polo da UMA no munic\u00edpio.<\/p>\n<p>A homenagem foi de autoria da vereadora Josefa Ara\u00fajo que destacou o trabalho que a professora Neila Os\u00f3rio desenvolve na \u00e1rea da educa\u00e7\u00e3o para idosos. \u201cO trabalho realizado pela professora Neila e toda a equipe da UMA \u00e9 um resgate na vida de muitos senhores e senhoras que diariamente aprendem a enxergar a velhice de uma maneira mais feliz\u201d, disse.<\/p>\n<p>\u201cEssa homenagem \u00e9 maior do que esperei pois estou fazendo aquilo que a cidade permite que eu fa\u00e7a: oferecer conhecimento para fortalecer a experi\u00eancia das pessoas que envelhecem em Para\u00edso e fortalecer o respeito em todos os ciclos da vida. Estou muito emocionada, feliz e agradecida\u201d, disse Neila.<\/p>\n<p>&nbsp;<\/p>\n<p><img loading=\"lazy\" decoding=\"async\" class=\"size-medium wp-image-1038 aligncenter\" src=\"http:\/\/sites.uft.edu.br\/uma\/wp-content\/uploads\/2022\/10\/WhatsApp-Image-2022-10-18-at-14.41.13-300x200.jpeg\" alt=\"\" width=\"300\" height=\"200\" srcset=\"https:\/\/sites.uft.edu.br\/uma\/wp-content\/uploads\/2022\/10\/WhatsApp-Image-2022-10-18-at-14.41.13-300x200.jpeg 300w, https:\/\/sites.uft.edu.br\/uma\/wp-content\/uploads\/2022\/10\/WhatsApp-Image-2022-10-18-at-14.41.13-768x512.jpeg 768w, https:\/\/sites.uft.edu.br\/uma\/wp-content\/uploads\/2022\/10\/WhatsApp-Image-2022-10-18-at-14.41.13-400x266.jpeg 400w, https:\/\/sites.uft.edu.br\/uma\/wp-content\/uploads\/2022\/10\/WhatsApp-Image-2022-10-18-at-14.41.13.jpeg 1024w\" sizes=\"(max-width: 300px) 100vw, 300px\" \/><\/p>\n<p>&nbsp;<\/p>\n<p><img loading=\"lazy\" decoding=\"async\" class=\"size-medium wp-image-1039 aligncenter\" src=\"http:\/\/sites.uft.edu.br\/uma\/wp-content\/uploads\/2022\/10\/WhatsApp-Image-2022-10-17-at-20.59.23-300x169.jpeg\" alt=\"\" width=\"300\" height=\"169\" srcset=\"https:\/\/sites.uft.edu.br\/uma\/wp-content\/uploads\/2022\/10\/WhatsApp-Image-2022-10-17-at-20.59.23-300x169.jpeg 300w, https:\/\/sites.uft.edu.br\/uma\/wp-content\/uploads\/2022\/10\/WhatsApp-Image-2022-10-17-at-20.59.23-1024x576.jpeg 1024w, https:\/\/sites.uft.edu.br\/uma\/wp-content\/uploads\/2022\/10\/WhatsApp-Image-2022-10-17-at-20.59.23-768x432.jpeg 768w, https:\/\/sites.uft.edu.br\/uma\/wp-content\/uploads\/2022\/10\/WhatsApp-Image-2022-10-17-at-20.59.23-1536x864.jpeg 1536w, https:\/\/sites.uft.edu.br\/uma\/wp-content\/uploads\/2022\/10\/WhatsApp-Image-2022-10-17-at-20.59.23.jpeg 1600w\" sizes=\"(max-width: 300px) 100vw, 300px\" \/><\/p>\n","protected":false},"excerpt":{"rendered":"<p>O homenagem \u00e9 a maior condecora\u00e7\u00e3o de Para\u00edso do Tocantins A coordenadora da Universidade da Maturidade (UMA) \u2013 Programa de Extens\u00e3o da Universidade Federal do Tocantins (UFT), professora Neila Os\u00f3rio, recebeu nesta segunda-feira, 17, o T\u00edtulo Honor\u00edfico de Cidad\u00e3 Paraisense, em Sess\u00e3o Solene realizada pela C\u00e2mara Municipal de Para\u00edso do Tocantins. O T\u00edtulo \u00e9 a [&hellip;]<\/p>\n","protected":false},"author":2,"featured_media":1036,"comment_status":"closed","ping_status":"closed","sticky":false,"template":"","format":"standard","meta":{"footnotes":""},"categories":[1],"tags":[],"_links":{"self":[{"href":"https:\/\/sites.uft.edu.br\/uma\/wp-json\/wp\/v2\/posts\/1035"}],"collection":[{"href":"https:\/\/sites.uft.edu.br\/uma\/wp-json\/wp\/v2\/posts"}],"about":[{"href":"https:\/\/sites.uft.edu.br\/uma\/wp-json\/wp\/v2\/types\/post"}],"author":[{"embeddable":true,"href":"https:\/\/sites.uft.edu.br\/uma\/wp-json\/wp\/v2\/users\/2"}],"replies":[{"embeddable":true,"href":"https:\/\/sites.uft.edu.br\/uma\/wp-json\/wp\/v2\/comments?post=1035"}],"version-history":[{"count":2,"href":"https:\/\/sites.uft.edu.br\/uma\/wp-json\/wp\/v2\/posts\/1035\/revisions"}],"predecessor-version":[{"id":1040,"href":"https:\/\/sites.uft.edu.br\/uma\/wp-json\/wp\/v2\/posts\/1035\/revisions\/1040"}],"wp:featuredmedia":[{"embeddable":true,"href":"https:\/\/sites.uft.edu.br\/uma\/wp-json\/wp\/v2\/media\/1036"}],"wp:attachment":[{"href":"https:\/\/sites.uft.edu.br\/uma\/wp-json\/wp\/v2\/media?parent=1035"}],"wp:term":[{"taxonomy":"category","embeddable":true,"href":"https:\/\/sites.uft.edu.br\/uma\/wp-json\/wp\/v2\/categories?post=1035"},{"taxonomy":"post_tag","embeddable":true,"href":"https:\/\/sites.uft.edu.br\/uma\/wp-json\/wp\/v2\/tags?post=1035"}],"curies":[{"name":"wp","href":"https:\/\/api.w.org\/{rel}","templated":true}]}}