{"id":1032,"date":"2022-10-19T15:26:14","date_gmt":"2022-10-19T18:26:14","guid":{"rendered":"http:\/\/sites.uft.edu.br\/uma\/?p=1032"},"modified":"2022-10-19T15:26:14","modified_gmt":"2022-10-19T18:26:14","slug":"inscricoes-para-a-universidade-da-maturidade-polo-de-porto-nacional-abrem-na-proxima-segunda-feira-24","status":"publish","type":"post","link":"https:\/\/sites.uft.edu.br\/uma\/inscricoes-para-a-universidade-da-maturidade-polo-de-porto-nacional-abrem-na-proxima-segunda-feira-24\/","title":{"rendered":"Inscri\u00e7\u00f5es para a Universidade da Maturidade polo de Porto Nacional abrem na pr\u00f3xima segunda-feira, 24"},"content":{"rendered":"<p><em>Ser\u00e3o ofertadas 100 vagas e o p\u00fablico-alvo do processo seletivo s\u00e3o pessoas com idade igual ou superior a 45 anos<\/em><\/p>\n<p>A Universidade da Maturidade (UMA) da Universidade Federal do Tocantins, polo de Porto Nacional,\u00a0em parceria com a Secretaria de Assist\u00eancia Social e Habita\u00e7\u00e3o (SEMAS), abrir\u00e1 inscri\u00e7\u00f5es, no pr\u00f3ximo dia 24, para os interessados em participar do processo seletivo. Podem se inscrever pessoas com idade igual ou superior a 45 anos e as inscri\u00e7\u00f5es finalizam em 11 de novembro.<\/p>\n<p>Ao todo, ser\u00e3o ofertadas 100 vagas. Os interessados que se enquadram no crit\u00e9rio de idade devem se encaminhar pessoalmente ou por procura\u00e7\u00e3o at\u00e9 a Secretaria de Assist\u00eancia Social e Habita\u00e7\u00e3o (SEMAS), CRAS Uni\u00e3o (setor Vila Nova) ou ao CRAS Esperan\u00e7a (setor Brigadeiro) para efetuar a sua inscri\u00e7\u00e3o.<\/p>\n<p>As aulas da UMA ocorrem \u00e0s segundas e quartas-feiras, de 14h \u00e0s 17h, no Campus da UFT de Porto Nacional, no Centro. Para mais informa\u00e7\u00f5es, acesse o site da UMA: www.uft.edu.br\/uma ou o site da prefeitura: www.portonacional.to.gov.br<\/p>\n<p>&nbsp;<\/p>\n<p><strong><em>Cronograma previsto<\/em><\/strong><\/p>\n<p>24\/10\/2022-Publica\u00e7\u00e3o do Edital<br \/>\n24\/10\/2022 a 24\/11\/2022-Per\u00edodo de Inscri\u00e7\u00e3o<br \/>\n27\/11\/2022-Divulga\u00e7\u00e3o do resultado<br \/>\n28\/11\/2022 a 30\/11\/2022-Per\u00edodo de matr\u00edculas dos candidatos aprovados.<br \/>\n05\/12\/2022 \u2013 Aula inaugural da UMA \u2013 Porto Nacional<\/p>\n<p><strong><em>Universidade da Maturidade<\/em><\/strong><\/p>\n<p>A UMA foi criada com o objetivo de melhorar a qualidade de vida da pessoa adulta e dos idosos, al\u00e9m disso, visa a integra\u00e7\u00e3o deles com os alunos de gradua\u00e7\u00e3o, identificando o papel e a responsabilidade da Universidade em rela\u00e7\u00e3o \u00e0s pessoas de terceira idade.<\/p>\n<p><strong><em>Por:\u00a0Anne Karianny Moreira<\/em><\/strong><\/p>\n<p><strong><em>Secretaria Municipal da Comunica\u00e7\u00e3o<\/em><\/strong><\/p>\n","protected":false},"excerpt":{"rendered":"<p>Ser\u00e3o ofertadas 100 vagas e o p\u00fablico-alvo do processo seletivo s\u00e3o pessoas com idade igual ou superior a 45 anos A Universidade da Maturidade (UMA) da Universidade Federal do Tocantins, polo de Porto Nacional,\u00a0em parceria com a Secretaria de Assist\u00eancia Social e Habita\u00e7\u00e3o (SEMAS), abrir\u00e1 inscri\u00e7\u00f5es, no pr\u00f3ximo dia 24, para os interessados em participar [&hellip;]<\/p>\n","protected":false},"author":2,"featured_media":1033,"comment_status":"closed","ping_status":"closed","sticky":false,"template":"","format":"standard","meta":{"footnotes":""},"categories":[1],"tags":[],"_links":{"self":[{"href":"https:\/\/sites.uft.edu.br\/uma\/wp-json\/wp\/v2\/posts\/1032"}],"collection":[{"href":"https:\/\/sites.uft.edu.br\/uma\/wp-json\/wp\/v2\/posts"}],"about":[{"href":"https:\/\/sites.uft.edu.br\/uma\/wp-json\/wp\/v2\/types\/post"}],"author":[{"embeddable":true,"href":"https:\/\/sites.uft.edu.br\/uma\/wp-json\/wp\/v2\/users\/2"}],"replies":[{"embeddable":true,"href":"https:\/\/sites.uft.edu.br\/uma\/wp-json\/wp\/v2\/comments?post=1032"}],"version-history":[{"count":1,"href":"https:\/\/sites.uft.edu.br\/uma\/wp-json\/wp\/v2\/posts\/1032\/revisions"}],"predecessor-version":[{"id":1034,"href":"https:\/\/sites.uft.edu.br\/uma\/wp-json\/wp\/v2\/posts\/1032\/revisions\/1034"}],"wp:featuredmedia":[{"embeddable":true,"href":"https:\/\/sites.uft.edu.br\/uma\/wp-json\/wp\/v2\/media\/1033"}],"wp:attachment":[{"href":"https:\/\/sites.uft.edu.br\/uma\/wp-json\/wp\/v2\/media?parent=1032"}],"wp:term":[{"taxonomy":"category","embeddable":true,"href":"https:\/\/sites.uft.edu.br\/uma\/wp-json\/wp\/v2\/categories?post=1032"},{"taxonomy":"post_tag","embeddable":true,"href":"https:\/\/sites.uft.edu.br\/uma\/wp-json\/wp\/v2\/tags?post=1032"}],"curies":[{"name":"wp","href":"https:\/\/api.w.org\/{rel}","templated":true}]}}