{"id":1002,"date":"2022-09-28T16:00:32","date_gmt":"2022-09-28T19:00:32","guid":{"rendered":"http:\/\/sites.uft.edu.br\/uma\/?p=1002"},"modified":"2022-09-28T17:00:52","modified_gmt":"2022-09-28T20:00:52","slug":"universidade-da-maturidade-realiza-programacao-especial-para-celebrar-o-dia-internacional-do-idoso","status":"publish","type":"post","link":"https:\/\/sites.uft.edu.br\/uma\/universidade-da-maturidade-realiza-programacao-especial-para-celebrar-o-dia-internacional-do-idoso\/","title":{"rendered":"Universidade da Maturidade realiza programa\u00e7\u00e3o especial para celebrar o Dia Internacional do Idoso"},"content":{"rendered":"<p style=\"font-weight: 400;\"><em>A programa\u00e7\u00e3o teve in\u00edcio nesta quarta-feira, 28, com uma blitz do abra\u00e7o realizada pelos acad\u00eamicos e docentes do polo de Dian\u00f3polis<\/em><\/p>\n<p style=\"font-weight: 400;\">Com o objetivo de celebrar o Dia Internacional do Idoso, comemorado anualmente no dia 1\u00ba de outubro, a Universidade da Maturidade (UMA) \u2013 Programa de Extens\u00e3o da Universidade Federal do Tocantins (UFT) \u2013 preparou uma programa\u00e7\u00e3o especial com a\u00e7\u00f5es em todos os polos do programa. A programa\u00e7\u00e3o teve in\u00edcio nesta quarta-feira, 28, com uma blitz do abra\u00e7o realizada pelos acad\u00eamicos e docentes do polo de Dian\u00f3polis.<\/p>\n<p style=\"font-weight: 400;\">O tema que a UMA est\u00e1 abordando este ano nas a\u00e7\u00f5es em comemora\u00e7\u00e3o ao Dia Internacional do Idoso \u00e9 \u201cD\u00e9cada do envelhecimento saud\u00e1vel nas Am\u00e9ricas (2021 \u2013 2030)\u201d declarada pela Assembleia Geral das Na\u00e7\u00f5es Unidas em dezembro de 2020, e \u00e9 a principal estrat\u00e9gia para alcan\u00e7ar e apoiar a\u00e7\u00f5es de constru\u00e7\u00e3o de uma sociedade para todas as idades.<\/p>\n<p style=\"font-weight: 400;\">O coordenador da UMA, professor Luiz Sin\u00e9sio Neto, destaca que a programa\u00e7\u00e3o visa chamar aten\u00e7\u00e3o da sociedade para a causa do envelhecimento humano. \u201cAl\u00e9m de levar nossos acad\u00eamicos para rua para mostrar a for\u00e7a da velhice, nossa programa\u00e7\u00e3o tamb\u00e9m \u00e9 uma forma de chamar aten\u00e7\u00e3o de toda a sociedade para a necessidade de conhecer, debater e apoiar a causa da velhice\u201d, disse.<\/p>\n<p style=\"font-weight: 400;\"><strong>Dia Internacional do Idoso<\/strong><\/p>\n<p style=\"font-weight: 400;\">A data foi institu\u00edda pela Organiza\u00e7\u00e3o das Na\u00e7\u00f5es Unidas (ONU) em 1991, com o objetivo de sensibilizar a sociedade para as quest\u00f5es do envelhecimento e da necessidade de proteger e cuidar da popula\u00e7\u00e3o idosa. Para a Organiza\u00e7\u00e3o Mundial da Sa\u00fade (OMS), idoso \u00e9 todo o indiv\u00edduo com 60 anos ou mais nos pa\u00edses em desenvolvimento, ou com 65 anos ou mais em pa\u00edses desenvolvidos.<\/p>\n<p style=\"font-weight: 400;\"><strong>Programa\u00e7\u00e3o<\/strong><\/p>\n<p style=\"font-weight: 400;\">Polo de Palmas \u2013 dia 29, \u00e0s 8h, na trilha Carapan\u00e3 &#8211; Caminhada Ecol\u00f3gica do 1\u00b0 BPM.<\/p>\n<p style=\"font-weight: 400;\">Dia 30, \u00e0s 9h, no Hospital de Amor do Tocantins &#8211; Visita dos Acad\u00eamicos. \u00c0s 14h30, no pr\u00e9dio da UMA \u2013 C\u00e2mpus Palmas &#8211; Missa em A\u00e7\u00e3o de Gra\u00e7as pelo Dia Internacional do Idoso.<\/p>\n<p style=\"font-weight: 400;\">Dia 1\u00b0 de outubro, \u00e0s 8h, na Avenida JK (em frente ao pr\u00e9dio da prefeitura) &#8211; Blitz do Abra\u00e7o.<\/p>\n<p style=\"font-weight: 400;\">Polo de Para\u00edso do Tocantins, dia 30, \u00e0s 14h, no Centro de Conviv\u00eancia do Idoso &#8211; Apresenta\u00e7\u00e3o do Coral da Maturidade.<\/p>\n<p style=\"font-weight: 400;\">Polo de Tocant\u00ednia \u2013 dia 30, \u00e0s 7h30, na Pra\u00e7a Valpertino Gomes \u2013 Leitura de poesias e culto ecum\u00eanico.<\/p>\n<p style=\"font-weight: 400;\">Polo de Aragua\u00edna \u2013 dia 03 de outubro, \u00e0s 15h, no Cantinho do Vov\u00f4 \u2013 Apresenta\u00e7\u00e3o do coral da UMA.<\/p>\n<p style=\"font-weight: 400;\">Polo de Porto Nacional &#8211;\u00a0 dia 10 de outubro, \u00e0s 17h, na pra\u00e7a central \u2013 Blitz do Abra\u00e7o.<\/p>\n<p>&nbsp;<\/p>\n<p><img loading=\"lazy\" decoding=\"async\" class=\"alignnone wp-image-1005 aligncenter\" src=\"http:\/\/sites.uft.edu.br\/uma\/wp-content\/uploads\/2022\/09\/Foto-01-300x225.jpeg\" alt=\"\" width=\"353\" height=\"265\" srcset=\"https:\/\/sites.uft.edu.br\/uma\/wp-content\/uploads\/2022\/09\/Foto-01-300x225.jpeg 300w, https:\/\/sites.uft.edu.br\/uma\/wp-content\/uploads\/2022\/09\/Foto-01-768x576.jpeg 768w, https:\/\/sites.uft.edu.br\/uma\/wp-content\/uploads\/2022\/09\/Foto-01.jpeg 1024w\" sizes=\"(max-width: 353px) 100vw, 353px\" \/><\/p>\n","protected":false},"excerpt":{"rendered":"<p>A programa\u00e7\u00e3o teve in\u00edcio nesta quarta-feira, 28, com uma blitz do abra\u00e7o realizada pelos acad\u00eamicos e docentes do polo de Dian\u00f3polis Com o objetivo de celebrar o Dia Internacional do Idoso, comemorado anualmente no dia 1\u00ba de outubro, a Universidade da Maturidade (UMA) \u2013 Programa de Extens\u00e3o da Universidade Federal do Tocantins (UFT) \u2013 preparou [&hellip;]<\/p>\n","protected":false},"author":2,"featured_media":1009,"comment_status":"closed","ping_status":"closed","sticky":false,"template":"","format":"image","meta":{"footnotes":""},"categories":[1],"tags":[],"_links":{"self":[{"href":"https:\/\/sites.uft.edu.br\/uma\/wp-json\/wp\/v2\/posts\/1002"}],"collection":[{"href":"https:\/\/sites.uft.edu.br\/uma\/wp-json\/wp\/v2\/posts"}],"about":[{"href":"https:\/\/sites.uft.edu.br\/uma\/wp-json\/wp\/v2\/types\/post"}],"author":[{"embeddable":true,"href":"https:\/\/sites.uft.edu.br\/uma\/wp-json\/wp\/v2\/users\/2"}],"replies":[{"embeddable":true,"href":"https:\/\/sites.uft.edu.br\/uma\/wp-json\/wp\/v2\/comments?post=1002"}],"version-history":[{"count":3,"href":"https:\/\/sites.uft.edu.br\/uma\/wp-json\/wp\/v2\/posts\/1002\/revisions"}],"predecessor-version":[{"id":1007,"href":"https:\/\/sites.uft.edu.br\/uma\/wp-json\/wp\/v2\/posts\/1002\/revisions\/1007"}],"wp:featuredmedia":[{"embeddable":true,"href":"https:\/\/sites.uft.edu.br\/uma\/wp-json\/wp\/v2\/media\/1009"}],"wp:attachment":[{"href":"https:\/\/sites.uft.edu.br\/uma\/wp-json\/wp\/v2\/media?parent=1002"}],"wp:term":[{"taxonomy":"category","embeddable":true,"href":"https:\/\/sites.uft.edu.br\/uma\/wp-json\/wp\/v2\/categories?post=1002"},{"taxonomy":"post_tag","embeddable":true,"href":"https:\/\/sites.uft.edu.br\/uma\/wp-json\/wp\/v2\/tags?post=1002"}],"curies":[{"name":"wp","href":"https:\/\/api.w.org\/{rel}","templated":true}]}}